{"id":1996,"date":"2022-08-26T03:01:07","date_gmt":"2022-08-26T03:01:07","guid":{"rendered":"https:\/\/sokindsport.com\/?p=1996"},"modified":"2023-10-05T06:54:49","modified_gmt":"2023-10-05T06:54:49","slug":"ciclismo-britannico-sotto-shock-per-la-scomparsa-del-nuovo-campione-scozzese-di-mtb-xc-rab-wardell","status":"publish","type":"post","link":"https:\/\/sokindsport.com\/it\/british-cycling-in-shock-after-passing-of-new-scottish-mtb-xc-champion-rab-wardell\/","title":{"rendered":"Ciclismo britannico sotto shock per la scomparsa del nuovo campione scozzese di MTB XC Rab Wardell"},"content":{"rendered":"<div data-elementor-type=\"wp-post\" data-elementor-id=\"1996\" class=\"elementor elementor-1996\" data-elementor-post-type=\"post\">\n\t\t\t\t\t\t<section class=\"elementor-section elementor-top-section elementor-element elementor-element-392b4118 elementor-section-boxed elementor-section-height-default elementor-section-height-default\" data-id=\"392b4118\" data-element_type=\"section\" data-e-type=\"section\">\n\t\t\t\t\t\t<div class=\"elementor-container elementor-column-gap-default\">\n\t\t\t\t\t<div class=\"elementor-column elementor-col-100 elementor-top-column elementor-element elementor-element-7b7822ed\" data-id=\"7b7822ed\" data-element_type=\"column\" data-e-type=\"column\">\n\t\t\t<div class=\"elementor-widget-wrap elementor-element-populated\">\n\t\t\t\t\t\t<div class=\"elementor-element elementor-element-1ba5496d elementor-widget elementor-widget-text-editor\" data-id=\"1ba5496d\" data-element_type=\"widget\" data-e-type=\"widget\" data-widget_type=\"text-editor.default\">\n\t\t\t\t\t\t\t\t\t\n<p><\/p>\n\n\n\n<p><\/p>\n\t\t\t\t\t\t\t\t<\/div>\n\t\t\t\t\t<\/div>\n\t\t<\/div>\n\t\t\t\t\t<\/div>\n\t\t<\/section>\n\t\t\t\t<section class=\"elementor-section elementor-top-section elementor-element elementor-element-3a7e540 elementor-section-boxed elementor-section-height-default elementor-section-height-default\" data-id=\"3a7e540\" data-element_type=\"section\" data-e-type=\"section\">\n\t\t\t\t\t\t<div class=\"elementor-container elementor-column-gap-default\">\n\t\t\t\t\t<div class=\"elementor-column elementor-col-100 elementor-top-column elementor-element elementor-element-a311410\" data-id=\"a311410\" data-element_type=\"column\" data-e-type=\"column\">\n\t\t\t<div class=\"elementor-widget-wrap elementor-element-populated\">\n\t\t\t\t\t\t<div class=\"elementor-element elementor-element-7efaef6 elementor-widget elementor-widget-text-editor\" data-id=\"7efaef6\" data-element_type=\"widget\" data-e-type=\"widget\" data-widget_type=\"text-editor.default\">\n\t\t\t\t\t\t\t\t\t<p>\u00a0<span style=\"color: #000000;\"><strong>Due giorni dopo aver raggiunto il suo grande obiettivo sportivo di diventare campione nazionale scozzese di MTB XC, Rab Wardell \u00e8 morto nel sonno marted\u00ec, gettando il mondo del ciclismo nello shock e nel lutto.<\/strong><\/span><\/p>\n<p><span style=\"color: #000000;\"><strong>\"Siamo sconvolti nel confermare la notizia che Rab Wardell, mountain biker internazionale ed ex dipendente, \u00e8 deceduto oggi\", ha dichiarato marted\u00ec Scottish Cycling in un comunicato.<\/strong><\/span><\/p>\n<p><span style=\"color: #000000;\"><strong>\"Abbiamo pochissime informazioni in questa fase, ma inviamo il nostro amore e sostegno alla sua famiglia, ai suoi amici e a tutti coloro che nella nostra comunit\u00e0 lo conoscevano. Vi chiediamo di rispettare la privacy della famiglia di Rab in questo momento incredibilmente triste\".<\/strong><\/span><\/p>\n<div class=\"twitter-tweet twitter-tweet-rendered\"><iframe id=\"twitter-widget-0\" class=\"\" title=\"Twitter Tweet\" src=\"https:\/\/platform.twitter.com\/embed\/Tweet.html?creatorScreenName=velonews&amp;dnt=true&amp;embedId=twitter-widget-0&amp;features=eyJ0ZndfdGltZWxpbmVfbGlzdCI6eyJidWNrZXQiOlsibGlua3RyLmVlIiwidHIuZWUiXSwidmVyc2lvbiI6bnVsbH0sInRmd19ob3Jpem9uX3RpbWVsaW5lXzEyMDM0Ijp7ImJ1Y2tldCI6InRyZWF0bWVudCIsInZlcnNpb24iOm51bGx9LCJ0ZndfdHdlZXRfZWRpdF9iYWNrZW5kIjp7ImJ1Y2tldCI6Im9uIiwidmVyc2lvbiI6bnVsbH0sInRmd19yZWZzcmNfc2Vzc2lvbiI6eyJidWNrZXQiOiJvbiIsInZlcnNpb24iOm51bGx9LCJ0ZndfY2hpbl9waWxsc18xNDc0MSI6eyJidWNrZXQiOiJjb2xvcl9pY29ucyIsInZlcnNpb24iOm51bGx9LCJ0ZndfdHdlZXRfcmVzdWx0X21pZ3JhdGlvbl8xMzk3OSI6eyJidWNrZXQiOiJ0d2VldF9yZXN1bHQiLCJ2ZXJzaW9uIjpudWxsfSwidGZ3X3NlbnNpdGl2ZV9tZWRpYV9pbnRlcnN0aXRpYWxfMTM5NjMiOnsiYnVja2V0IjoiaW50ZXJzdGl0aWFsIiwidmVyc2lvbiI6bnVsbH0sInRmd19leHBlcmltZW50c19jb29raWVfZXhwaXJhdGlvbiI6eyJidWNrZXQiOjEyMDk2MDAsInZlcnNpb24iOm51bGx9LCJ0ZndfZHVwbGljYXRlX3NjcmliZXNfdG9fc2V0dGluZ3MiOnsiYnVja2V0Ijoib24iLCJ2ZXJzaW9uIjpudWxsfSwidGZ3X3R3ZWV0X2VkaXRfZnJvbnRlbmQiOnsiYnVja2V0Ijoib2ZmIiwidmVyc2lvbiI6bnVsbH19&amp;frame=false&amp;hideCard=false&amp;hideThread=false&amp;id=1562470409919799297&amp;lang=en&amp;origin=https%3A%2F%2Fwww.velonews.com%2Fnews%2Fmountain%2Fbritish-cycling-in-shock-after-passing-of-new-scottish-mtb-xc-champion-rab-wardell%2F&amp;sessionId=d238274a9ccff943d7179a1a62d160d4b2b83d70&amp;siteScreenName=velonews&amp;theme=light&amp;widgetsVersion=31f0cdc1eaa0f%3A1660602114609&amp;width=500px\" frameborder=\"0\" scrolling=\"no\" allowfullscreen=\"allowfullscreen\" data-tweet-id=\"1562470409919799297\" data-mce-fragment=\"1\"><\/iframe><\/div>\n<p>\u00a0<\/p>\n<p><span style=\"color: #000000;\"><strong>La sua compagna Katie Archibald, medaglia d'oro olimpica su pista, ha confermato la notizia mercoled\u00ec.<\/strong><\/span><\/p>\n<p><span style=\"color: #000000;\"><strong>\"Penso che abbiate saputo che Rab \u00e8 morto ieri mattina\", ha scritto sui social media. \"Ancora non capisco cosa sia successo, se sia vero, perch\u00e9 sia stato preso proprio ora - cos\u00ec sano e felice.<\/strong><\/span><\/p>\n<p><span style=\"color: #000000;\"><strong>\"\u00c8 andato in arresto cardiaco mentre eravamo a letto. Ho provato e riprovato, i paramedici sono arrivati in pochi minuti, ma il suo cuore si \u00e8 fermato e non sono riusciti a riportarlo in vita. Anche il mio si \u00e8 fermato. Lo amo cos\u00ec tanto e ho bisogno che sia qui con me. Ho tanto bisogno di lui qui, ma non c'\u00e8 pi\u00f9. Non riesco a descrivere questo dolore.<\/strong><\/span><\/p>\n<p><span style=\"color: #000000;\"><strong>\"Non posso sopportare di parlare di lui al passato per dire qualcosa io stessa. Tu sei tutto per me, Rab. Ti amo\".<\/strong><\/span><\/p>\n<p><span style=\"color: #000000;\"><strong>Wardell ha rappresentato la Scozia a livello internazionale, gareggiando in eventi su strada e MTB. Il 37enne era tornato a gareggiare quest'anno. Solo due giorni prima della sua morte, domenica ha conquistato il suo primo titolo nazionale scozzese di MTB XC ai campionati MTB XC nella foresta di Kirroughtree, a Dumfries e Galloway, superando diverse forature e vincendo all'ultimo giro.<\/strong><\/span><\/p>\n<p><span style=\"color: #000000;\"><strong>Il British Cycling ha descritto la sua vittoria come una \"dimostrazione di incredibile resilienza\".<\/strong><\/span><\/p>\n<p><span style=\"color: #000000;\"><strong>Wardell ha parlato di questa vittoria sui social media dopo la gara di domenica.<\/strong><\/span><\/p>\n<p><span style=\"color: #000000;\"><strong>\"Ci sono voluti alcuni anni, ma posso aggiungere il titolo Senior Cross Country a quelli Junior e U23 che ho vinto quasi vent'anni fa. In tutta onest\u00e0, una gara scioccante da parte mia con 3 forature, ma entusiasta di poter conquistare la vittoria\".<\/strong><\/span><\/p>\n<p><span style=\"color: #000000;\"><strong>Luned\u00ec sera ha partecipato al programma The Nine della BBC Scozia per discutere della vittoria.<\/strong><\/span><\/p>\n<p><span style=\"color: #000000;\"><strong>La Scottish Cross Country Association, organizzatrice della gara di domenica, gli ha reso omaggio sui social media.<\/strong><\/span><\/p>\n<p><span style=\"color: #000000;\"><strong>La nostra comunit\u00e0 sentir\u00e0 la sua mancanza e la sua determinazione, il suo talento e la sua amicizia continueranno a vivere nei nostri cuori e nei nostri ricordi\". Sono sicuro che molte parole pi\u00f9 eloquenti saranno scritte da molti, ma RIP Rab. Il nostro campione, la nostra ispirazione, il nostro amico\".<\/strong><\/span><\/p>\n<p><span style=\"color: #000000;\"><strong>Il sei volte medaglia d'oro olimpica, Sir Chris Hoy, ha twittato: \"Non posso crederci. Assolutamente straziante. Riposa in pace Rab\".<\/strong><\/span><\/p>\n<p><span style=\"color: #000000;\"><strong>Anche molti altri personaggi del mondo del ciclismo gli hanno reso omaggio.<\/strong><\/span><\/p>\t\t\t\t\t\t\t\t<\/div>\n\t\t\t\t\t<\/div>\n\t\t<\/div>\n\t\t\t\t\t<\/div>\n\t\t<\/section>\n\t\t\t\t<\/div>","protected":false},"excerpt":{"rendered":"<p>\u00a0Two days after achieving his big sporting goal of becoming Scottish MTB XC national champion, Rab Wardell passed away in his sleep Tuesday, plunging the cycling world into shock and mourning. \u201cWe are devastated to confirm the news that international mountain biker and former employee, Rab Wardell, has passed away today,\u201d Scottish Cycling said in [&hellip;]<\/p>\n","protected":false},"author":1,"featured_media":1997,"comment_status":"open","ping_status":"open","sticky":false,"template":"","format":"standard","meta":{"footnotes":""},"categories":[13],"tags":[],"class_list":["post-1996","post","type-post","status-publish","format-standard","has-post-thumbnail","hentry","category-news"],"yoast_head":"<!-- This site is optimized with the Yoast SEO plugin v27.5 - https:\/\/yoast.com\/product\/yoast-seo-wordpress\/ -->\n<title>British cycling in shock after passing of new Scottish MTB XC champion Rab Wardell<\/title>\n<meta name=\"robots\" content=\"index, follow, max-snippet:-1, max-image-preview:large, max-video-preview:-1\" \/>\n<link rel=\"canonical\" href=\"https:\/\/sokindsport.com\/it\/ciclismo-britannico-sotto-shock-per-la-scomparsa-del-nuovo-campione-scozzese-di-mtb-xc-rab-wardell\/\" \/>\n<meta property=\"og:locale\" content=\"it_IT\" \/>\n<meta property=\"og:type\" content=\"article\" \/>\n<meta property=\"og:title\" content=\"British cycling in shock after passing of new Scottish MTB XC champion Rab Wardell\" \/>\n<meta property=\"og:description\" content=\"\u00a0Two days after achieving his big sporting goal of becoming Scottish MTB XC national champion, Rab Wardell passed away in his sleep Tuesday, plunging the cycling world into shock and mourning. \u201cWe are devastated to confirm the news that international mountain biker and former employee, Rab Wardell, has passed away today,\u201d Scottish Cycling said in [&hellip;]\" \/>\n<meta property=\"og:url\" content=\"https:\/\/sokindsport.com\/it\/ciclismo-britannico-sotto-shock-per-la-scomparsa-del-nuovo-campione-scozzese-di-mtb-xc-rab-wardell\/\" \/>\n<meta property=\"og:site_name\" content=\"Sokind Cycling Pad\" \/>\n<meta property=\"article:published_time\" content=\"2022-08-26T03:01:07+00:00\" \/>\n<meta property=\"article:modified_time\" content=\"2023-10-05T06:54:49+00:00\" \/>\n<meta property=\"og:image\" content=\"https:\/\/sokindsport.com\/wp-content\/uploads\/2022\/08\/16614826951.png\" \/>\n\t<meta property=\"og:image:width\" content=\"838\" \/>\n\t<meta property=\"og:image:height\" content=\"652\" \/>\n\t<meta property=\"og:image:type\" content=\"image\/png\" \/>\n<meta name=\"author\" content=\"sokind\" \/>\n<meta name=\"twitter:card\" content=\"summary_large_image\" \/>\n<meta name=\"twitter:label1\" content=\"Scritto da\" \/>\n\t<meta name=\"twitter:data1\" content=\"sokind\" \/>\n\t<meta name=\"twitter:label2\" content=\"Tempo di lettura stimato\" \/>\n\t<meta name=\"twitter:data2\" content=\"3 minuti\" \/>\n<script type=\"application\/ld+json\" class=\"yoast-schema-graph\">{\"@context\":\"https:\\\/\\\/schema.org\",\"@graph\":[{\"@type\":\"Article\",\"@id\":\"https:\\\/\\\/sokindsport.com\\\/british-cycling-in-shock-after-passing-of-new-scottish-mtb-xc-champion-rab-wardell\\\/#article\",\"isPartOf\":{\"@id\":\"https:\\\/\\\/sokindsport.com\\\/british-cycling-in-shock-after-passing-of-new-scottish-mtb-xc-champion-rab-wardell\\\/\"},\"author\":{\"name\":\"sokind\",\"@id\":\"https:\\\/\\\/sokindsport.com\\\/#\\\/schema\\\/person\\\/a6be36480bf7fdd7fa99e7f8014f56c0\"},\"headline\":\"British cycling in shock after passing of new Scottish MTB XC champion Rab Wardell\",\"datePublished\":\"2022-08-26T03:01:07+00:00\",\"dateModified\":\"2023-10-05T06:54:49+00:00\",\"mainEntityOfPage\":{\"@id\":\"https:\\\/\\\/sokindsport.com\\\/british-cycling-in-shock-after-passing-of-new-scottish-mtb-xc-champion-rab-wardell\\\/\"},\"wordCount\":488,\"commentCount\":0,\"publisher\":{\"@id\":\"https:\\\/\\\/sokindsport.com\\\/#organization\"},\"image\":{\"@id\":\"https:\\\/\\\/sokindsport.com\\\/british-cycling-in-shock-after-passing-of-new-scottish-mtb-xc-champion-rab-wardell\\\/#primaryimage\"},\"thumbnailUrl\":\"https:\\\/\\\/sokindsport.com\\\/wp-content\\\/uploads\\\/2022\\\/08\\\/16614826951.png\",\"articleSection\":[\"News\"],\"inLanguage\":\"it-IT\",\"potentialAction\":[{\"@type\":\"CommentAction\",\"name\":\"Comment\",\"target\":[\"https:\\\/\\\/sokindsport.com\\\/british-cycling-in-shock-after-passing-of-new-scottish-mtb-xc-champion-rab-wardell\\\/#respond\"]}]},{\"@type\":\"WebPage\",\"@id\":\"https:\\\/\\\/sokindsport.com\\\/british-cycling-in-shock-after-passing-of-new-scottish-mtb-xc-champion-rab-wardell\\\/\",\"url\":\"https:\\\/\\\/sokindsport.com\\\/british-cycling-in-shock-after-passing-of-new-scottish-mtb-xc-champion-rab-wardell\\\/\",\"name\":\"British cycling in shock after passing of new Scottish MTB XC champion Rab Wardell\",\"isPartOf\":{\"@id\":\"https:\\\/\\\/sokindsport.com\\\/#website\"},\"primaryImageOfPage\":{\"@id\":\"https:\\\/\\\/sokindsport.com\\\/british-cycling-in-shock-after-passing-of-new-scottish-mtb-xc-champion-rab-wardell\\\/#primaryimage\"},\"image\":{\"@id\":\"https:\\\/\\\/sokindsport.com\\\/british-cycling-in-shock-after-passing-of-new-scottish-mtb-xc-champion-rab-wardell\\\/#primaryimage\"},\"thumbnailUrl\":\"https:\\\/\\\/sokindsport.com\\\/wp-content\\\/uploads\\\/2022\\\/08\\\/16614826951.png\",\"datePublished\":\"2022-08-26T03:01:07+00:00\",\"dateModified\":\"2023-10-05T06:54:49+00:00\",\"breadcrumb\":{\"@id\":\"https:\\\/\\\/sokindsport.com\\\/british-cycling-in-shock-after-passing-of-new-scottish-mtb-xc-champion-rab-wardell\\\/#breadcrumb\"},\"inLanguage\":\"it-IT\",\"potentialAction\":[{\"@type\":\"ReadAction\",\"target\":[\"https:\\\/\\\/sokindsport.com\\\/british-cycling-in-shock-after-passing-of-new-scottish-mtb-xc-champion-rab-wardell\\\/\"]}]},{\"@type\":\"ImageObject\",\"inLanguage\":\"it-IT\",\"@id\":\"https:\\\/\\\/sokindsport.com\\\/british-cycling-in-shock-after-passing-of-new-scottish-mtb-xc-champion-rab-wardell\\\/#primaryimage\",\"url\":\"https:\\\/\\\/sokindsport.com\\\/wp-content\\\/uploads\\\/2022\\\/08\\\/16614826951.png\",\"contentUrl\":\"https:\\\/\\\/sokindsport.com\\\/wp-content\\\/uploads\\\/2022\\\/08\\\/16614826951.png\",\"width\":838,\"height\":652},{\"@type\":\"BreadcrumbList\",\"@id\":\"https:\\\/\\\/sokindsport.com\\\/british-cycling-in-shock-after-passing-of-new-scottish-mtb-xc-champion-rab-wardell\\\/#breadcrumb\",\"itemListElement\":[{\"@type\":\"ListItem\",\"position\":1,\"name\":\"Home\",\"item\":\"https:\\\/\\\/sokindsport.com\\\/\"},{\"@type\":\"ListItem\",\"position\":2,\"name\":\"British cycling in shock after passing of new Scottish MTB XC champion Rab Wardell\"}]},{\"@type\":\"WebSite\",\"@id\":\"https:\\\/\\\/sokindsport.com\\\/#website\",\"url\":\"https:\\\/\\\/sokindsport.com\\\/\",\"name\":\"Sokind Cycling Pad\",\"description\":\"Sokind Cycling Pad\",\"publisher\":{\"@id\":\"https:\\\/\\\/sokindsport.com\\\/#organization\"},\"potentialAction\":[{\"@type\":\"SearchAction\",\"target\":{\"@type\":\"EntryPoint\",\"urlTemplate\":\"https:\\\/\\\/sokindsport.com\\\/?s={search_term_string}\"},\"query-input\":{\"@type\":\"PropertyValueSpecification\",\"valueRequired\":true,\"valueName\":\"search_term_string\"}}],\"inLanguage\":\"it-IT\"},{\"@type\":\"Organization\",\"@id\":\"https:\\\/\\\/sokindsport.com\\\/#organization\",\"name\":\"Sokind Cycling Pad\",\"url\":\"https:\\\/\\\/sokindsport.com\\\/\",\"logo\":{\"@type\":\"ImageObject\",\"inLanguage\":\"it-IT\",\"@id\":\"https:\\\/\\\/sokindsport.com\\\/#\\\/schema\\\/logo\\\/image\\\/\",\"url\":\"https:\\\/\\\/sokindsport.com\\\/wp-content\\\/uploads\\\/2022\\\/02\\\/Sokind-Sport-Logo.png\",\"contentUrl\":\"https:\\\/\\\/sokindsport.com\\\/wp-content\\\/uploads\\\/2022\\\/02\\\/Sokind-Sport-Logo.png\",\"width\":250,\"height\":64,\"caption\":\"Sokind Cycling Pad\"},\"image\":{\"@id\":\"https:\\\/\\\/sokindsport.com\\\/#\\\/schema\\\/logo\\\/image\\\/\"}},{\"@type\":\"Person\",\"@id\":\"https:\\\/\\\/sokindsport.com\\\/#\\\/schema\\\/person\\\/a6be36480bf7fdd7fa99e7f8014f56c0\",\"name\":\"sokind\",\"image\":{\"@type\":\"ImageObject\",\"inLanguage\":\"it-IT\",\"@id\":\"https:\\\/\\\/secure.gravatar.com\\\/avatar\\\/86866cd772662a68fb11136082c79816dcbe9dadb6fb021b3aa8302174e7a314?s=96&d=mm&r=g\",\"url\":\"https:\\\/\\\/secure.gravatar.com\\\/avatar\\\/86866cd772662a68fb11136082c79816dcbe9dadb6fb021b3aa8302174e7a314?s=96&d=mm&r=g\",\"contentUrl\":\"https:\\\/\\\/secure.gravatar.com\\\/avatar\\\/86866cd772662a68fb11136082c79816dcbe9dadb6fb021b3aa8302174e7a314?s=96&d=mm&r=g\",\"caption\":\"sokind\"},\"sameAs\":[\"https:\\\/\\\/sokindsport.com\"],\"url\":\"https:\\\/\\\/sokindsport.com\\\/it\\\/author\\\/sokind\\\/\"}]}<\/script>\n<!-- \/ Yoast SEO plugin. -->","yoast_head_json":{"title":"Ciclismo britannico sotto shock per la scomparsa del nuovo campione scozzese di MTB XC Rab Wardell","robots":{"index":"index","follow":"follow","max-snippet":"max-snippet:-1","max-image-preview":"max-image-preview:large","max-video-preview":"max-video-preview:-1"},"canonical":"https:\/\/sokindsport.com\/it\/ciclismo-britannico-sotto-shock-per-la-scomparsa-del-nuovo-campione-scozzese-di-mtb-xc-rab-wardell\/","og_locale":"it_IT","og_type":"article","og_title":"British cycling in shock after passing of new Scottish MTB XC champion Rab Wardell","og_description":"\u00a0Two days after achieving his big sporting goal of becoming Scottish MTB XC national champion, Rab Wardell passed away in his sleep Tuesday, plunging the cycling world into shock and mourning. \u201cWe are devastated to confirm the news that international mountain biker and former employee, Rab Wardell, has passed away today,\u201d Scottish Cycling said in [&hellip;]","og_url":"https:\/\/sokindsport.com\/it\/ciclismo-britannico-sotto-shock-per-la-scomparsa-del-nuovo-campione-scozzese-di-mtb-xc-rab-wardell\/","og_site_name":"Sokind Cycling Pad","article_published_time":"2022-08-26T03:01:07+00:00","article_modified_time":"2023-10-05T06:54:49+00:00","og_image":[{"width":838,"height":652,"url":"https:\/\/sokindsport.com\/wp-content\/uploads\/2022\/08\/16614826951.png","type":"image\/png"}],"author":"sokind","twitter_card":"summary_large_image","twitter_misc":{"Scritto da":"sokind","Tempo di lettura stimato":"3 minuti"},"schema":{"@context":"https:\/\/schema.org","@graph":[{"@type":"Article","@id":"https:\/\/sokindsport.com\/british-cycling-in-shock-after-passing-of-new-scottish-mtb-xc-champion-rab-wardell\/#article","isPartOf":{"@id":"https:\/\/sokindsport.com\/british-cycling-in-shock-after-passing-of-new-scottish-mtb-xc-champion-rab-wardell\/"},"author":{"name":"sokind","@id":"https:\/\/sokindsport.com\/#\/schema\/person\/a6be36480bf7fdd7fa99e7f8014f56c0"},"headline":"British cycling in shock after passing of new Scottish MTB XC champion Rab Wardell","datePublished":"2022-08-26T03:01:07+00:00","dateModified":"2023-10-05T06:54:49+00:00","mainEntityOfPage":{"@id":"https:\/\/sokindsport.com\/british-cycling-in-shock-after-passing-of-new-scottish-mtb-xc-champion-rab-wardell\/"},"wordCount":488,"commentCount":0,"publisher":{"@id":"https:\/\/sokindsport.com\/#organization"},"image":{"@id":"https:\/\/sokindsport.com\/british-cycling-in-shock-after-passing-of-new-scottish-mtb-xc-champion-rab-wardell\/#primaryimage"},"thumbnailUrl":"https:\/\/sokindsport.com\/wp-content\/uploads\/2022\/08\/16614826951.png","articleSection":["News"],"inLanguage":"it-IT","potentialAction":[{"@type":"CommentAction","name":"Comment","target":["https:\/\/sokindsport.com\/british-cycling-in-shock-after-passing-of-new-scottish-mtb-xc-champion-rab-wardell\/#respond"]}]},{"@type":"WebPage","@id":"https:\/\/sokindsport.com\/british-cycling-in-shock-after-passing-of-new-scottish-mtb-xc-champion-rab-wardell\/","url":"https:\/\/sokindsport.com\/british-cycling-in-shock-after-passing-of-new-scottish-mtb-xc-champion-rab-wardell\/","name":"Ciclismo britannico sotto shock per la scomparsa del nuovo campione scozzese di MTB XC Rab Wardell","isPartOf":{"@id":"https:\/\/sokindsport.com\/#website"},"primaryImageOfPage":{"@id":"https:\/\/sokindsport.com\/british-cycling-in-shock-after-passing-of-new-scottish-mtb-xc-champion-rab-wardell\/#primaryimage"},"image":{"@id":"https:\/\/sokindsport.com\/british-cycling-in-shock-after-passing-of-new-scottish-mtb-xc-champion-rab-wardell\/#primaryimage"},"thumbnailUrl":"https:\/\/sokindsport.com\/wp-content\/uploads\/2022\/08\/16614826951.png","datePublished":"2022-08-26T03:01:07+00:00","dateModified":"2023-10-05T06:54:49+00:00","breadcrumb":{"@id":"https:\/\/sokindsport.com\/british-cycling-in-shock-after-passing-of-new-scottish-mtb-xc-champion-rab-wardell\/#breadcrumb"},"inLanguage":"it-IT","potentialAction":[{"@type":"ReadAction","target":["https:\/\/sokindsport.com\/british-cycling-in-shock-after-passing-of-new-scottish-mtb-xc-champion-rab-wardell\/"]}]},{"@type":"ImageObject","inLanguage":"it-IT","@id":"https:\/\/sokindsport.com\/british-cycling-in-shock-after-passing-of-new-scottish-mtb-xc-champion-rab-wardell\/#primaryimage","url":"https:\/\/sokindsport.com\/wp-content\/uploads\/2022\/08\/16614826951.png","contentUrl":"https:\/\/sokindsport.com\/wp-content\/uploads\/2022\/08\/16614826951.png","width":838,"height":652},{"@type":"BreadcrumbList","@id":"https:\/\/sokindsport.com\/british-cycling-in-shock-after-passing-of-new-scottish-mtb-xc-champion-rab-wardell\/#breadcrumb","itemListElement":[{"@type":"ListItem","position":1,"name":"Home","item":"https:\/\/sokindsport.com\/"},{"@type":"ListItem","position":2,"name":"British cycling in shock after passing of new Scottish MTB XC champion Rab Wardell"}]},{"@type":"WebSite","@id":"https:\/\/sokindsport.com\/#website","url":"https:\/\/sokindsport.com\/","name":"Cuscino da ciclismo Sokind","description":"Cuscino da ciclismo Sokind","publisher":{"@id":"https:\/\/sokindsport.com\/#organization"},"potentialAction":[{"@type":"SearchAction","target":{"@type":"EntryPoint","urlTemplate":"https:\/\/sokindsport.com\/?s={search_term_string}"},"query-input":{"@type":"PropertyValueSpecification","valueRequired":true,"valueName":"search_term_string"}}],"inLanguage":"it-IT"},{"@type":"Organization","@id":"https:\/\/sokindsport.com\/#organization","name":"Cuscino da ciclismo Sokind","url":"https:\/\/sokindsport.com\/","logo":{"@type":"ImageObject","inLanguage":"it-IT","@id":"https:\/\/sokindsport.com\/#\/schema\/logo\/image\/","url":"https:\/\/sokindsport.com\/wp-content\/uploads\/2022\/02\/Sokind-Sport-Logo.png","contentUrl":"https:\/\/sokindsport.com\/wp-content\/uploads\/2022\/02\/Sokind-Sport-Logo.png","width":250,"height":64,"caption":"Sokind Cycling Pad"},"image":{"@id":"https:\/\/sokindsport.com\/#\/schema\/logo\/image\/"}},{"@type":"Person","@id":"https:\/\/sokindsport.com\/#\/schema\/person\/a6be36480bf7fdd7fa99e7f8014f56c0","name":"sokind","image":{"@type":"ImageObject","inLanguage":"it-IT","@id":"https:\/\/secure.gravatar.com\/avatar\/86866cd772662a68fb11136082c79816dcbe9dadb6fb021b3aa8302174e7a314?s=96&d=mm&r=g","url":"https:\/\/secure.gravatar.com\/avatar\/86866cd772662a68fb11136082c79816dcbe9dadb6fb021b3aa8302174e7a314?s=96&d=mm&r=g","contentUrl":"https:\/\/secure.gravatar.com\/avatar\/86866cd772662a68fb11136082c79816dcbe9dadb6fb021b3aa8302174e7a314?s=96&d=mm&r=g","caption":"sokind"},"sameAs":["https:\/\/sokindsport.com"],"url":"https:\/\/sokindsport.com\/it\/author\/sokind\/"}]}},"_links":{"self":[{"href":"https:\/\/sokindsport.com\/it\/wp-json\/wp\/v2\/posts\/1996","targetHints":{"allow":["GET"]}}],"collection":[{"href":"https:\/\/sokindsport.com\/it\/wp-json\/wp\/v2\/posts"}],"about":[{"href":"https:\/\/sokindsport.com\/it\/wp-json\/wp\/v2\/types\/post"}],"author":[{"embeddable":true,"href":"https:\/\/sokindsport.com\/it\/wp-json\/wp\/v2\/users\/1"}],"replies":[{"embeddable":true,"href":"https:\/\/sokindsport.com\/it\/wp-json\/wp\/v2\/comments?post=1996"}],"version-history":[{"count":4,"href":"https:\/\/sokindsport.com\/it\/wp-json\/wp\/v2\/posts\/1996\/revisions"}],"predecessor-version":[{"id":2001,"href":"https:\/\/sokindsport.com\/it\/wp-json\/wp\/v2\/posts\/1996\/revisions\/2001"}],"wp:featuredmedia":[{"embeddable":true,"href":"https:\/\/sokindsport.com\/it\/wp-json\/wp\/v2\/media\/1997"}],"wp:attachment":[{"href":"https:\/\/sokindsport.com\/it\/wp-json\/wp\/v2\/media?parent=1996"}],"wp:term":[{"taxonomy":"category","embeddable":true,"href":"https:\/\/sokindsport.com\/it\/wp-json\/wp\/v2\/categories?post=1996"},{"taxonomy":"post_tag","embeddable":true,"href":"https:\/\/sokindsport.com\/it\/wp-json\/wp\/v2\/tags?post=1996"}],"curies":[{"name":"wp","href":"https:\/\/api.w.org\/{rel}","templated":true}]}}