{"id":1984,"date":"2022-08-26T02:49:17","date_gmt":"2022-08-26T02:49:17","guid":{"rendered":"https:\/\/sokindsport.com\/?p=1984"},"modified":"2023-10-05T06:55:02","modified_gmt":"2023-10-05T06:55:02","slug":"lattuale-classifica-generale-della-vuelta-a-espana-dopo-la-sesta-tappa","status":"publish","type":"post","link":"https:\/\/sokindsport.com\/it\/the-current-overall-standings-of-the-vuelta-a-espana-after-stage-6\/","title":{"rendered":"L'attuale classifica generale della Vuelta a Espa\u00f1a dopo la sesta tappa"},"content":{"rendered":"<div data-elementor-type=\"wp-post\" data-elementor-id=\"1984\" class=\"elementor elementor-1984\" data-elementor-post-type=\"post\">\n\t\t\t\t\t\t<section class=\"elementor-section elementor-top-section elementor-element elementor-element-c4bc3ce elementor-section-boxed elementor-section-height-default elementor-section-height-default\" data-id=\"c4bc3ce\" data-element_type=\"section\" data-e-type=\"section\">\n\t\t\t\t\t\t<div class=\"elementor-container elementor-column-gap-default\">\n\t\t\t\t\t<div class=\"elementor-column elementor-col-100 elementor-top-column elementor-element elementor-element-d546c2f\" data-id=\"d546c2f\" data-element_type=\"column\" data-e-type=\"column\">\n\t\t\t<div class=\"elementor-widget-wrap elementor-element-populated\">\n\t\t\t\t\t\t<div class=\"elementor-element elementor-element-4edbd64 elementor-widget elementor-widget-text-editor\" data-id=\"4edbd64\" data-element_type=\"widget\" data-e-type=\"widget\" data-widget_type=\"text-editor.default\">\n\t\t\t\t\t\t\t\t\t<p>Respingendo un feroce inseguimento da parte di Remco Evenepoel (Quick-Step Alpha Vinyl), l'australiano Jay Vine (Alpecin-Deceuninck) ha ottenuto il miglior risultato della sua carriera nel primo arrivo in vetta della Vuelta, gioved\u00ec.<\/p><p>L'australiano ha attaccato all'inizio dell'ultima salita e ha scavato a fondo per resistere alla carica di Evenepoel, che ha lasciato indietro tutti gli altri contendenti della corsa tranne Enric Mas (Movistar Team). Il belga e lo spagnolo hanno chiuso a 15 e 16 secondi da Vine, mentre Juan Ayuso (UAE Team Emirates) \u00e8 stato l'unico altro corridore a meno di un minuto. Quest'ultimo ha accusato un ritardo di 55 secondi, mentre il triplice campione della Vuelta Primo\u017e Rogli\u010d (Jumbo-Visma), Pavel Sivakov (Ineos Grenadiers), Tao Geoghegan Hart (Ineos Grenadiers), Jai Hindley (Bora-Hansgrohe), Carlos Rodr\u00edguez (Ineos Grenadiers) e Simon Yates (Team BikeExchange-Jayco) sono arrivati a 1:37 di distacco.<\/p><p>Ogni posizione all'interno dei primi 26 della classifica generale \u00e8 stata rimescolata, con Evenepoel che \u00e8 salito di otto posizioni per scalzare il leader della notte Rudy Molard (Groupama-FDJ) dal secondo posto e Mas che \u00e8 salito di una dozzina di posizioni al terzo posto, un posto davanti a Rogli\u010d. Ayuso \u00e8 stato l'altro grande protagonista, guadagnando 14 posizioni e portandosi al quinto posto. Sivakov e Geoghegan Hart sono ora sesto e settimo, Rodr\u00edguez e Yates sono ottavo e nono e Jo\u0101o Almeda (UAE Team Emirates) \u00e8 decimo.<\/p><p>Non ci sono stati cambiamenti nei primi tre della classifica a punti. Sam Bennett (Bora-hansgrohe) mantiene nove punti di vantaggio su Mads Pedersen (Trek-Segafredo) e 80 sul vincitore di mercoled\u00ec Marc Soler (UAE Team Emirates).<\/p><p>Victor Langellotti (Burgos-BH) conserva la maglia di re della montagna conquistata mercoled\u00ec. Vine \u00e8 salito di dieci posizioni al secondo posto e Rub\u00e9n Fern\u00e1ndez \u00e8 ora terzo.<\/p><p>Evenepoel \u00e8 il miglior giovane, con 1:12 di vantaggio su Ayuso, mentre Sivakov scivola al terzo posto.<\/p><p>L'UAE Team Emirates si aggiudica il titolo di miglior squadra, precedendo Bahrain-Victorious e Ineos Grenadiers in questa classifica.<\/p>\t\t\t\t\t\t\t\t<\/div>\n\t\t\t\t\t<\/div>\n\t\t<\/div>\n\t\t\t\t\t<\/div>\n\t\t<\/section>\n\t\t\t\t<\/div>","protected":false},"excerpt":{"rendered":"<p>Fending off a ferocious pursuit by Remco Evenepoel (Quick-Step Alpha Vinyl), Australian rider Jay Vine (Alpecin-Deceuninck) pulled off a career-best result on the Vuelta\u2019s first summit finish on Thursday. The Australian attacked early on the final climb and dug deep to resist Evenepoel\u2019s charge, which saw all of the other race contenders bar Enric Mas [&hellip;]<\/p>\n","protected":false},"author":1,"featured_media":1985,"comment_status":"open","ping_status":"open","sticky":false,"template":"","format":"standard","meta":{"footnotes":""},"categories":[13],"tags":[],"class_list":["post-1984","post","type-post","status-publish","format-standard","has-post-thumbnail","hentry","category-news"],"yoast_head":"<!-- This site is optimized with the Yoast SEO plugin v27.5 - https:\/\/yoast.com\/product\/yoast-seo-wordpress\/ -->\n<title>The current overall standings of the Vuelta a Espa\u00f1a after stage 6<\/title>\n<meta name=\"robots\" content=\"index, follow, max-snippet:-1, max-image-preview:large, max-video-preview:-1\" \/>\n<link rel=\"canonical\" href=\"https:\/\/sokindsport.com\/it\/lattuale-classifica-generale-della-vuelta-a-espana-dopo-la-sesta-tappa\/\" \/>\n<meta property=\"og:locale\" content=\"it_IT\" \/>\n<meta property=\"og:type\" content=\"article\" \/>\n<meta property=\"og:title\" content=\"The current overall standings of the Vuelta a Espa\u00f1a after stage 6\" \/>\n<meta property=\"og:description\" content=\"Fending off a ferocious pursuit by Remco Evenepoel (Quick-Step Alpha Vinyl), Australian rider Jay Vine (Alpecin-Deceuninck) pulled off a career-best result on the Vuelta\u2019s first summit finish on Thursday. The Australian attacked early on the final climb and dug deep to resist Evenepoel\u2019s charge, which saw all of the other race contenders bar Enric Mas [&hellip;]\" \/>\n<meta property=\"og:url\" content=\"https:\/\/sokindsport.com\/it\/lattuale-classifica-generale-della-vuelta-a-espana-dopo-la-sesta-tappa\/\" \/>\n<meta property=\"og:site_name\" content=\"Sokind Cycling Pad\" \/>\n<meta property=\"article:published_time\" content=\"2022-08-26T02:49:17+00:00\" \/>\n<meta property=\"article:modified_time\" content=\"2023-10-05T06:55:02+00:00\" \/>\n<meta property=\"og:image\" content=\"https:\/\/sokindsport.com\/wp-content\/uploads\/2022\/08\/16614820291.png\" \/>\n\t<meta property=\"og:image:width\" content=\"853\" \/>\n\t<meta property=\"og:image:height\" content=\"571\" \/>\n\t<meta property=\"og:image:type\" content=\"image\/png\" \/>\n<meta name=\"author\" content=\"sokind\" \/>\n<meta name=\"twitter:card\" content=\"summary_large_image\" \/>\n<meta name=\"twitter:label1\" content=\"Scritto da\" \/>\n\t<meta name=\"twitter:data1\" content=\"sokind\" \/>\n\t<meta name=\"twitter:label2\" content=\"Tempo di lettura stimato\" \/>\n\t<meta name=\"twitter:data2\" content=\"2 minuti\" \/>\n<script type=\"application\/ld+json\" class=\"yoast-schema-graph\">{\"@context\":\"https:\\\/\\\/schema.org\",\"@graph\":[{\"@type\":\"Article\",\"@id\":\"https:\\\/\\\/sokindsport.com\\\/the-current-overall-standings-of-the-vuelta-a-espana-after-stage-6\\\/#article\",\"isPartOf\":{\"@id\":\"https:\\\/\\\/sokindsport.com\\\/the-current-overall-standings-of-the-vuelta-a-espana-after-stage-6\\\/\"},\"author\":{\"name\":\"sokind\",\"@id\":\"https:\\\/\\\/sokindsport.com\\\/#\\\/schema\\\/person\\\/a6be36480bf7fdd7fa99e7f8014f56c0\"},\"headline\":\"The current overall standings of the Vuelta a Espa\u00f1a after stage 6\",\"datePublished\":\"2022-08-26T02:49:17+00:00\",\"dateModified\":\"2023-10-05T06:55:02+00:00\",\"mainEntityOfPage\":{\"@id\":\"https:\\\/\\\/sokindsport.com\\\/the-current-overall-standings-of-the-vuelta-a-espana-after-stage-6\\\/\"},\"wordCount\":303,\"commentCount\":0,\"publisher\":{\"@id\":\"https:\\\/\\\/sokindsport.com\\\/#organization\"},\"image\":{\"@id\":\"https:\\\/\\\/sokindsport.com\\\/the-current-overall-standings-of-the-vuelta-a-espana-after-stage-6\\\/#primaryimage\"},\"thumbnailUrl\":\"https:\\\/\\\/sokindsport.com\\\/wp-content\\\/uploads\\\/2022\\\/08\\\/16614820291.png\",\"articleSection\":[\"News\"],\"inLanguage\":\"it-IT\",\"potentialAction\":[{\"@type\":\"CommentAction\",\"name\":\"Comment\",\"target\":[\"https:\\\/\\\/sokindsport.com\\\/the-current-overall-standings-of-the-vuelta-a-espana-after-stage-6\\\/#respond\"]}]},{\"@type\":\"WebPage\",\"@id\":\"https:\\\/\\\/sokindsport.com\\\/the-current-overall-standings-of-the-vuelta-a-espana-after-stage-6\\\/\",\"url\":\"https:\\\/\\\/sokindsport.com\\\/the-current-overall-standings-of-the-vuelta-a-espana-after-stage-6\\\/\",\"name\":\"The current overall standings of the Vuelta a Espa\u00f1a after stage 6\",\"isPartOf\":{\"@id\":\"https:\\\/\\\/sokindsport.com\\\/#website\"},\"primaryImageOfPage\":{\"@id\":\"https:\\\/\\\/sokindsport.com\\\/the-current-overall-standings-of-the-vuelta-a-espana-after-stage-6\\\/#primaryimage\"},\"image\":{\"@id\":\"https:\\\/\\\/sokindsport.com\\\/the-current-overall-standings-of-the-vuelta-a-espana-after-stage-6\\\/#primaryimage\"},\"thumbnailUrl\":\"https:\\\/\\\/sokindsport.com\\\/wp-content\\\/uploads\\\/2022\\\/08\\\/16614820291.png\",\"datePublished\":\"2022-08-26T02:49:17+00:00\",\"dateModified\":\"2023-10-05T06:55:02+00:00\",\"breadcrumb\":{\"@id\":\"https:\\\/\\\/sokindsport.com\\\/the-current-overall-standings-of-the-vuelta-a-espana-after-stage-6\\\/#breadcrumb\"},\"inLanguage\":\"it-IT\",\"potentialAction\":[{\"@type\":\"ReadAction\",\"target\":[\"https:\\\/\\\/sokindsport.com\\\/the-current-overall-standings-of-the-vuelta-a-espana-after-stage-6\\\/\"]}]},{\"@type\":\"ImageObject\",\"inLanguage\":\"it-IT\",\"@id\":\"https:\\\/\\\/sokindsport.com\\\/the-current-overall-standings-of-the-vuelta-a-espana-after-stage-6\\\/#primaryimage\",\"url\":\"https:\\\/\\\/sokindsport.com\\\/wp-content\\\/uploads\\\/2022\\\/08\\\/16614820291.png\",\"contentUrl\":\"https:\\\/\\\/sokindsport.com\\\/wp-content\\\/uploads\\\/2022\\\/08\\\/16614820291.png\",\"width\":853,\"height\":571},{\"@type\":\"BreadcrumbList\",\"@id\":\"https:\\\/\\\/sokindsport.com\\\/the-current-overall-standings-of-the-vuelta-a-espana-after-stage-6\\\/#breadcrumb\",\"itemListElement\":[{\"@type\":\"ListItem\",\"position\":1,\"name\":\"Home\",\"item\":\"https:\\\/\\\/sokindsport.com\\\/\"},{\"@type\":\"ListItem\",\"position\":2,\"name\":\"The current overall standings of the Vuelta a Espa\u00f1a after stage 6\"}]},{\"@type\":\"WebSite\",\"@id\":\"https:\\\/\\\/sokindsport.com\\\/#website\",\"url\":\"https:\\\/\\\/sokindsport.com\\\/\",\"name\":\"Sokind Cycling Pad\",\"description\":\"Sokind Cycling Pad\",\"publisher\":{\"@id\":\"https:\\\/\\\/sokindsport.com\\\/#organization\"},\"potentialAction\":[{\"@type\":\"SearchAction\",\"target\":{\"@type\":\"EntryPoint\",\"urlTemplate\":\"https:\\\/\\\/sokindsport.com\\\/?s={search_term_string}\"},\"query-input\":{\"@type\":\"PropertyValueSpecification\",\"valueRequired\":true,\"valueName\":\"search_term_string\"}}],\"inLanguage\":\"it-IT\"},{\"@type\":\"Organization\",\"@id\":\"https:\\\/\\\/sokindsport.com\\\/#organization\",\"name\":\"Sokind Cycling Pad\",\"url\":\"https:\\\/\\\/sokindsport.com\\\/\",\"logo\":{\"@type\":\"ImageObject\",\"inLanguage\":\"it-IT\",\"@id\":\"https:\\\/\\\/sokindsport.com\\\/#\\\/schema\\\/logo\\\/image\\\/\",\"url\":\"https:\\\/\\\/sokindsport.com\\\/wp-content\\\/uploads\\\/2022\\\/02\\\/Sokind-Sport-Logo.png\",\"contentUrl\":\"https:\\\/\\\/sokindsport.com\\\/wp-content\\\/uploads\\\/2022\\\/02\\\/Sokind-Sport-Logo.png\",\"width\":250,\"height\":64,\"caption\":\"Sokind Cycling Pad\"},\"image\":{\"@id\":\"https:\\\/\\\/sokindsport.com\\\/#\\\/schema\\\/logo\\\/image\\\/\"}},{\"@type\":\"Person\",\"@id\":\"https:\\\/\\\/sokindsport.com\\\/#\\\/schema\\\/person\\\/a6be36480bf7fdd7fa99e7f8014f56c0\",\"name\":\"sokind\",\"image\":{\"@type\":\"ImageObject\",\"inLanguage\":\"it-IT\",\"@id\":\"https:\\\/\\\/secure.gravatar.com\\\/avatar\\\/86866cd772662a68fb11136082c79816dcbe9dadb6fb021b3aa8302174e7a314?s=96&d=mm&r=g\",\"url\":\"https:\\\/\\\/secure.gravatar.com\\\/avatar\\\/86866cd772662a68fb11136082c79816dcbe9dadb6fb021b3aa8302174e7a314?s=96&d=mm&r=g\",\"contentUrl\":\"https:\\\/\\\/secure.gravatar.com\\\/avatar\\\/86866cd772662a68fb11136082c79816dcbe9dadb6fb021b3aa8302174e7a314?s=96&d=mm&r=g\",\"caption\":\"sokind\"},\"sameAs\":[\"https:\\\/\\\/sokindsport.com\"],\"url\":\"https:\\\/\\\/sokindsport.com\\\/it\\\/author\\\/sokind\\\/\"}]}<\/script>\n<!-- \/ Yoast SEO plugin. -->","yoast_head_json":{"title":"L'attuale classifica generale della Vuelta a Espa\u00f1a dopo la sesta tappa","robots":{"index":"index","follow":"follow","max-snippet":"max-snippet:-1","max-image-preview":"max-image-preview:large","max-video-preview":"max-video-preview:-1"},"canonical":"https:\/\/sokindsport.com\/it\/lattuale-classifica-generale-della-vuelta-a-espana-dopo-la-sesta-tappa\/","og_locale":"it_IT","og_type":"article","og_title":"The current overall standings of the Vuelta a Espa\u00f1a after stage 6","og_description":"Fending off a ferocious pursuit by Remco Evenepoel (Quick-Step Alpha Vinyl), Australian rider Jay Vine (Alpecin-Deceuninck) pulled off a career-best result on the Vuelta\u2019s first summit finish on Thursday. The Australian attacked early on the final climb and dug deep to resist Evenepoel\u2019s charge, which saw all of the other race contenders bar Enric Mas [&hellip;]","og_url":"https:\/\/sokindsport.com\/it\/lattuale-classifica-generale-della-vuelta-a-espana-dopo-la-sesta-tappa\/","og_site_name":"Sokind Cycling Pad","article_published_time":"2022-08-26T02:49:17+00:00","article_modified_time":"2023-10-05T06:55:02+00:00","og_image":[{"width":853,"height":571,"url":"https:\/\/sokindsport.com\/wp-content\/uploads\/2022\/08\/16614820291.png","type":"image\/png"}],"author":"sokind","twitter_card":"summary_large_image","twitter_misc":{"Scritto da":"sokind","Tempo di lettura stimato":"2 minuti"},"schema":{"@context":"https:\/\/schema.org","@graph":[{"@type":"Article","@id":"https:\/\/sokindsport.com\/the-current-overall-standings-of-the-vuelta-a-espana-after-stage-6\/#article","isPartOf":{"@id":"https:\/\/sokindsport.com\/the-current-overall-standings-of-the-vuelta-a-espana-after-stage-6\/"},"author":{"name":"sokind","@id":"https:\/\/sokindsport.com\/#\/schema\/person\/a6be36480bf7fdd7fa99e7f8014f56c0"},"headline":"The current overall standings of the Vuelta a Espa\u00f1a after stage 6","datePublished":"2022-08-26T02:49:17+00:00","dateModified":"2023-10-05T06:55:02+00:00","mainEntityOfPage":{"@id":"https:\/\/sokindsport.com\/the-current-overall-standings-of-the-vuelta-a-espana-after-stage-6\/"},"wordCount":303,"commentCount":0,"publisher":{"@id":"https:\/\/sokindsport.com\/#organization"},"image":{"@id":"https:\/\/sokindsport.com\/the-current-overall-standings-of-the-vuelta-a-espana-after-stage-6\/#primaryimage"},"thumbnailUrl":"https:\/\/sokindsport.com\/wp-content\/uploads\/2022\/08\/16614820291.png","articleSection":["News"],"inLanguage":"it-IT","potentialAction":[{"@type":"CommentAction","name":"Comment","target":["https:\/\/sokindsport.com\/the-current-overall-standings-of-the-vuelta-a-espana-after-stage-6\/#respond"]}]},{"@type":"WebPage","@id":"https:\/\/sokindsport.com\/the-current-overall-standings-of-the-vuelta-a-espana-after-stage-6\/","url":"https:\/\/sokindsport.com\/the-current-overall-standings-of-the-vuelta-a-espana-after-stage-6\/","name":"L'attuale classifica generale della Vuelta a Espa\u00f1a dopo la sesta tappa","isPartOf":{"@id":"https:\/\/sokindsport.com\/#website"},"primaryImageOfPage":{"@id":"https:\/\/sokindsport.com\/the-current-overall-standings-of-the-vuelta-a-espana-after-stage-6\/#primaryimage"},"image":{"@id":"https:\/\/sokindsport.com\/the-current-overall-standings-of-the-vuelta-a-espana-after-stage-6\/#primaryimage"},"thumbnailUrl":"https:\/\/sokindsport.com\/wp-content\/uploads\/2022\/08\/16614820291.png","datePublished":"2022-08-26T02:49:17+00:00","dateModified":"2023-10-05T06:55:02+00:00","breadcrumb":{"@id":"https:\/\/sokindsport.com\/the-current-overall-standings-of-the-vuelta-a-espana-after-stage-6\/#breadcrumb"},"inLanguage":"it-IT","potentialAction":[{"@type":"ReadAction","target":["https:\/\/sokindsport.com\/the-current-overall-standings-of-the-vuelta-a-espana-after-stage-6\/"]}]},{"@type":"ImageObject","inLanguage":"it-IT","@id":"https:\/\/sokindsport.com\/the-current-overall-standings-of-the-vuelta-a-espana-after-stage-6\/#primaryimage","url":"https:\/\/sokindsport.com\/wp-content\/uploads\/2022\/08\/16614820291.png","contentUrl":"https:\/\/sokindsport.com\/wp-content\/uploads\/2022\/08\/16614820291.png","width":853,"height":571},{"@type":"BreadcrumbList","@id":"https:\/\/sokindsport.com\/the-current-overall-standings-of-the-vuelta-a-espana-after-stage-6\/#breadcrumb","itemListElement":[{"@type":"ListItem","position":1,"name":"Home","item":"https:\/\/sokindsport.com\/"},{"@type":"ListItem","position":2,"name":"The current overall standings of the Vuelta a Espa\u00f1a after stage 6"}]},{"@type":"WebSite","@id":"https:\/\/sokindsport.com\/#website","url":"https:\/\/sokindsport.com\/","name":"Cuscino da ciclismo Sokind","description":"Cuscino da ciclismo Sokind","publisher":{"@id":"https:\/\/sokindsport.com\/#organization"},"potentialAction":[{"@type":"SearchAction","target":{"@type":"EntryPoint","urlTemplate":"https:\/\/sokindsport.com\/?s={search_term_string}"},"query-input":{"@type":"PropertyValueSpecification","valueRequired":true,"valueName":"search_term_string"}}],"inLanguage":"it-IT"},{"@type":"Organization","@id":"https:\/\/sokindsport.com\/#organization","name":"Cuscino da ciclismo Sokind","url":"https:\/\/sokindsport.com\/","logo":{"@type":"ImageObject","inLanguage":"it-IT","@id":"https:\/\/sokindsport.com\/#\/schema\/logo\/image\/","url":"https:\/\/sokindsport.com\/wp-content\/uploads\/2022\/02\/Sokind-Sport-Logo.png","contentUrl":"https:\/\/sokindsport.com\/wp-content\/uploads\/2022\/02\/Sokind-Sport-Logo.png","width":250,"height":64,"caption":"Sokind Cycling Pad"},"image":{"@id":"https:\/\/sokindsport.com\/#\/schema\/logo\/image\/"}},{"@type":"Person","@id":"https:\/\/sokindsport.com\/#\/schema\/person\/a6be36480bf7fdd7fa99e7f8014f56c0","name":"sokind","image":{"@type":"ImageObject","inLanguage":"it-IT","@id":"https:\/\/secure.gravatar.com\/avatar\/86866cd772662a68fb11136082c79816dcbe9dadb6fb021b3aa8302174e7a314?s=96&d=mm&r=g","url":"https:\/\/secure.gravatar.com\/avatar\/86866cd772662a68fb11136082c79816dcbe9dadb6fb021b3aa8302174e7a314?s=96&d=mm&r=g","contentUrl":"https:\/\/secure.gravatar.com\/avatar\/86866cd772662a68fb11136082c79816dcbe9dadb6fb021b3aa8302174e7a314?s=96&d=mm&r=g","caption":"sokind"},"sameAs":["https:\/\/sokindsport.com"],"url":"https:\/\/sokindsport.com\/it\/author\/sokind\/"}]}},"_links":{"self":[{"href":"https:\/\/sokindsport.com\/it\/wp-json\/wp\/v2\/posts\/1984","targetHints":{"allow":["GET"]}}],"collection":[{"href":"https:\/\/sokindsport.com\/it\/wp-json\/wp\/v2\/posts"}],"about":[{"href":"https:\/\/sokindsport.com\/it\/wp-json\/wp\/v2\/types\/post"}],"author":[{"embeddable":true,"href":"https:\/\/sokindsport.com\/it\/wp-json\/wp\/v2\/users\/1"}],"replies":[{"embeddable":true,"href":"https:\/\/sokindsport.com\/it\/wp-json\/wp\/v2\/comments?post=1984"}],"version-history":[{"count":4,"href":"https:\/\/sokindsport.com\/it\/wp-json\/wp\/v2\/posts\/1984\/revisions"}],"predecessor-version":[{"id":1989,"href":"https:\/\/sokindsport.com\/it\/wp-json\/wp\/v2\/posts\/1984\/revisions\/1989"}],"wp:featuredmedia":[{"embeddable":true,"href":"https:\/\/sokindsport.com\/it\/wp-json\/wp\/v2\/media\/1985"}],"wp:attachment":[{"href":"https:\/\/sokindsport.com\/it\/wp-json\/wp\/v2\/media?parent=1984"}],"wp:term":[{"taxonomy":"category","embeddable":true,"href":"https:\/\/sokindsport.com\/it\/wp-json\/wp\/v2\/categories?post=1984"},{"taxonomy":"post_tag","embeddable":true,"href":"https:\/\/sokindsport.com\/it\/wp-json\/wp\/v2\/tags?post=1984"}],"curies":[{"name":"wp","href":"https:\/\/api.w.org\/{rel}","templated":true}]}}