{"id":2002,"date":"2022-08-26T03:07:13","date_gmt":"2022-08-26T03:07:13","guid":{"rendered":"https:\/\/sokindsport.com\/?p=2002"},"modified":"2023-10-05T06:54:42","modified_gmt":"2023-10-05T06:54:42","slug":"vuelta-a-espana-remco-evenepoel-enric-mas-gagne-gros-alors-que-richard-carapaz-mikel-landa-perd-du-temps","status":"publish","type":"post","link":"https:\/\/sokindsport.com\/fr\/vuelta-a-espana-remco-evenepoel-enric-mas-gain-big-as-richard-carapaz-mikel-landa-lose-time\/","title":{"rendered":"Vuelta a Espa\u00f1a : Remco Evenepoel et Enric Mas gagnent beaucoup, Richard Carapaz et Mikel Landa perdent du temps"},"content":{"rendered":"<div data-elementor-type=\"wp-post\" data-elementor-id=\"2002\" class=\"elementor elementor-2002\" data-elementor-post-type=\"post\">\n\t\t\t\t\t\t<section class=\"elementor-section elementor-top-section elementor-element elementor-element-615af08 elementor-section-boxed elementor-section-height-default elementor-section-height-default\" data-id=\"615af08\" data-element_type=\"section\" data-e-type=\"section\">\n\t\t\t\t\t\t<div class=\"elementor-container elementor-column-gap-default\">\n\t\t\t\t\t<div class=\"elementor-column elementor-col-100 elementor-top-column elementor-element elementor-element-7ce44c0\" data-id=\"7ce44c0\" data-element_type=\"column\" data-e-type=\"column\">\n\t\t\t<div class=\"elementor-widget-wrap elementor-element-populated\">\n\t\t\t\t\t\t<div class=\"elementor-element elementor-element-f0b2e00 elementor-widget elementor-widget-text-editor\" data-id=\"f0b2e00\" data-element_type=\"widget\" data-e-type=\"widget\" data-widget_type=\"text-editor.default\">\n\t\t\t\t\t\t\t\t\t<p><strong><span style=\"color: #000000;\">SAN MIGUEL DE AGUAYO, Espagne (VN) -\u00a0<a style=\"color: #000000;\" href=\"https:\/\/www.velonews.com\/tag\/juan-ayuso\/\" data-outbound-instanced=\"true\">Juan Ayuso<\/a>\u00a0a \u00e9merg\u00e9 de la brume pr\u00e8s du sommet pluvieux du Pico Jano pour confirmer qu'il \u00e9tait le nouvel espoir du cyclisme espagnol \u00e0 la Coupe du Monde de la FIFA.\u00a0<a style=\"color: #000000;\" href=\"https:\/\/www.velonews.com\/category\/events\/vuelta-a-espana\/\" data-outbound-instanced=\"true\">Vuelta a Espa\u00f1a<\/a>.<\/span><\/strong><\/p><p><strong><span style=\"color: #000000;\">Alors que le cyclisme espagnol est en perte de vitesse depuis quelques saisons, Ayuso, 19 ans, a r\u00e9pondu \u00e0 l'appel jeudi lors de la 6e \u00e9tape en se classant quatri\u00e8me de la premi\u00e8re \u00e9tape de montagne d\u00e9cisive de la Vuelta.<\/span><\/strong><\/p><p><strong><span style=\"color: #000000;\">Seuls Jay Vine, chasseur d'\u00e9tapes, et Remco Evenepoel et Enric Mas, favoris pour le classement g\u00e9n\u00e9ral, ont pu le repousser alors qu'il laissait tomber Primo\u017e Rogli\u010d et plusieurs autres favoris de la Vuelta.<\/span><\/strong><\/p><p><strong><span style=\"color: #000000;\">\"C'\u00e9tait une journ\u00e9e tr\u00e8s difficile, surtout avec la pluie et le froid. Je connaissais le Puerto de Brenes pour y avoir couru en tant que junior, et sur le Pico Jano, je suis all\u00e9 \u00e0 mon propre rythme\", a d\u00e9clar\u00e9 Ayuso.<\/span><\/strong><\/p>\t\t\t\t\t\t\t\t<\/div>\n\t\t\t\t\t<\/div>\n\t\t<\/div>\n\t\t\t\t\t<\/div>\n\t\t<\/section>\n\t\t\t\t<\/div>","protected":false},"excerpt":{"rendered":"<p>SAN MIGUEL DE AGUAYO, Spain (VN) \u2014\u00a0Juan Ayuso\u00a0emerged from the mist near the top of the rainy Pico Jano summit to confirm himself as the dashing new hope of Spanish cycling at the\u00a0Vuelta a Espa\u00f1a. With Spanish cycling languishing during the past few seasons, the 19-year-old Ayuso delivered on the hype Thursday in stage 6 [&hellip;]<\/p>\n","protected":false},"author":1,"featured_media":2003,"comment_status":"open","ping_status":"open","sticky":false,"template":"","format":"standard","meta":{"footnotes":""},"categories":[13],"tags":[],"class_list":["post-2002","post","type-post","status-publish","format-standard","has-post-thumbnail","hentry","category-news"],"yoast_head":"<!-- This site is optimized with the Yoast SEO plugin v27.5 - https:\/\/yoast.com\/product\/yoast-seo-wordpress\/ -->\n<title>Vuelta a Espa\u00f1a: Remco Evenepoel, Enric Mas gain big, as Richard Carapaz, Mikel Landa lose time<\/title>\n<meta name=\"robots\" content=\"index, follow, max-snippet:-1, max-image-preview:large, max-video-preview:-1\" \/>\n<link rel=\"canonical\" href=\"https:\/\/sokindsport.com\/fr\/vuelta-a-espana-remco-evenepoel-enric-mas-gagne-gros-alors-que-richard-carapaz-mikel-landa-perd-du-temps\/\" \/>\n<meta property=\"og:locale\" content=\"fr_FR\" \/>\n<meta property=\"og:type\" content=\"article\" \/>\n<meta property=\"og:title\" content=\"Vuelta a Espa\u00f1a: Remco Evenepoel, Enric Mas gain big, as Richard Carapaz, Mikel Landa lose time\" \/>\n<meta property=\"og:description\" content=\"SAN MIGUEL DE AGUAYO, Spain (VN) \u2014\u00a0Juan Ayuso\u00a0emerged from the mist near the top of the rainy Pico Jano summit to confirm himself as the dashing new hope of Spanish cycling at the\u00a0Vuelta a Espa\u00f1a. With Spanish cycling languishing during the past few seasons, the 19-year-old Ayuso delivered on the hype Thursday in stage 6 [&hellip;]\" \/>\n<meta property=\"og:url\" content=\"https:\/\/sokindsport.com\/fr\/vuelta-a-espana-remco-evenepoel-enric-mas-gagne-gros-alors-que-richard-carapaz-mikel-landa-perd-du-temps\/\" \/>\n<meta property=\"og:site_name\" content=\"Sokind Cycling Pad\" \/>\n<meta property=\"article:published_time\" content=\"2022-08-26T03:07:13+00:00\" \/>\n<meta property=\"article:modified_time\" content=\"2023-10-05T06:54:42+00:00\" \/>\n<meta property=\"og:image\" content=\"https:\/\/sokindsport.com\/wp-content\/uploads\/2022\/08\/16614829751.png\" \/>\n\t<meta property=\"og:image:width\" content=\"704\" \/>\n\t<meta property=\"og:image:height\" content=\"730\" \/>\n\t<meta property=\"og:image:type\" content=\"image\/png\" \/>\n<meta name=\"author\" content=\"sokind\" \/>\n<meta name=\"twitter:card\" content=\"summary_large_image\" \/>\n<meta name=\"twitter:label1\" content=\"\u00c9crit par\" \/>\n\t<meta name=\"twitter:data1\" content=\"sokind\" \/>\n\t<meta name=\"twitter:label2\" content=\"Dur\u00e9e de lecture estim\u00e9e\" \/>\n\t<meta name=\"twitter:data2\" content=\"1 minute\" \/>\n<script type=\"application\/ld+json\" class=\"yoast-schema-graph\">{\"@context\":\"https:\\\/\\\/schema.org\",\"@graph\":[{\"@type\":\"Article\",\"@id\":\"https:\\\/\\\/sokindsport.com\\\/vuelta-a-espana-remco-evenepoel-enric-mas-gain-big-as-richard-carapaz-mikel-landa-lose-time\\\/#article\",\"isPartOf\":{\"@id\":\"https:\\\/\\\/sokindsport.com\\\/vuelta-a-espana-remco-evenepoel-enric-mas-gain-big-as-richard-carapaz-mikel-landa-lose-time\\\/\"},\"author\":{\"name\":\"sokind\",\"@id\":\"https:\\\/\\\/sokindsport.com\\\/#\\\/schema\\\/person\\\/a6be36480bf7fdd7fa99e7f8014f56c0\"},\"headline\":\"Vuelta a Espa\u00f1a: Remco Evenepoel, Enric Mas gain big, as Richard Carapaz, Mikel Landa lose time\",\"datePublished\":\"2022-08-26T03:07:13+00:00\",\"dateModified\":\"2023-10-05T06:54:42+00:00\",\"mainEntityOfPage\":{\"@id\":\"https:\\\/\\\/sokindsport.com\\\/vuelta-a-espana-remco-evenepoel-enric-mas-gain-big-as-richard-carapaz-mikel-landa-lose-time\\\/\"},\"wordCount\":152,\"commentCount\":0,\"publisher\":{\"@id\":\"https:\\\/\\\/sokindsport.com\\\/#organization\"},\"image\":{\"@id\":\"https:\\\/\\\/sokindsport.com\\\/vuelta-a-espana-remco-evenepoel-enric-mas-gain-big-as-richard-carapaz-mikel-landa-lose-time\\\/#primaryimage\"},\"thumbnailUrl\":\"https:\\\/\\\/sokindsport.com\\\/wp-content\\\/uploads\\\/2022\\\/08\\\/16614829751.png\",\"articleSection\":[\"News\"],\"inLanguage\":\"fr-FR\",\"potentialAction\":[{\"@type\":\"CommentAction\",\"name\":\"Comment\",\"target\":[\"https:\\\/\\\/sokindsport.com\\\/vuelta-a-espana-remco-evenepoel-enric-mas-gain-big-as-richard-carapaz-mikel-landa-lose-time\\\/#respond\"]}]},{\"@type\":\"WebPage\",\"@id\":\"https:\\\/\\\/sokindsport.com\\\/vuelta-a-espana-remco-evenepoel-enric-mas-gain-big-as-richard-carapaz-mikel-landa-lose-time\\\/\",\"url\":\"https:\\\/\\\/sokindsport.com\\\/vuelta-a-espana-remco-evenepoel-enric-mas-gain-big-as-richard-carapaz-mikel-landa-lose-time\\\/\",\"name\":\"Vuelta a Espa\u00f1a: Remco Evenepoel, Enric Mas gain big, as Richard Carapaz, Mikel Landa lose time\",\"isPartOf\":{\"@id\":\"https:\\\/\\\/sokindsport.com\\\/#website\"},\"primaryImageOfPage\":{\"@id\":\"https:\\\/\\\/sokindsport.com\\\/vuelta-a-espana-remco-evenepoel-enric-mas-gain-big-as-richard-carapaz-mikel-landa-lose-time\\\/#primaryimage\"},\"image\":{\"@id\":\"https:\\\/\\\/sokindsport.com\\\/vuelta-a-espana-remco-evenepoel-enric-mas-gain-big-as-richard-carapaz-mikel-landa-lose-time\\\/#primaryimage\"},\"thumbnailUrl\":\"https:\\\/\\\/sokindsport.com\\\/wp-content\\\/uploads\\\/2022\\\/08\\\/16614829751.png\",\"datePublished\":\"2022-08-26T03:07:13+00:00\",\"dateModified\":\"2023-10-05T06:54:42+00:00\",\"breadcrumb\":{\"@id\":\"https:\\\/\\\/sokindsport.com\\\/vuelta-a-espana-remco-evenepoel-enric-mas-gain-big-as-richard-carapaz-mikel-landa-lose-time\\\/#breadcrumb\"},\"inLanguage\":\"fr-FR\",\"potentialAction\":[{\"@type\":\"ReadAction\",\"target\":[\"https:\\\/\\\/sokindsport.com\\\/vuelta-a-espana-remco-evenepoel-enric-mas-gain-big-as-richard-carapaz-mikel-landa-lose-time\\\/\"]}]},{\"@type\":\"ImageObject\",\"inLanguage\":\"fr-FR\",\"@id\":\"https:\\\/\\\/sokindsport.com\\\/vuelta-a-espana-remco-evenepoel-enric-mas-gain-big-as-richard-carapaz-mikel-landa-lose-time\\\/#primaryimage\",\"url\":\"https:\\\/\\\/sokindsport.com\\\/wp-content\\\/uploads\\\/2022\\\/08\\\/16614829751.png\",\"contentUrl\":\"https:\\\/\\\/sokindsport.com\\\/wp-content\\\/uploads\\\/2022\\\/08\\\/16614829751.png\",\"width\":704,\"height\":730},{\"@type\":\"BreadcrumbList\",\"@id\":\"https:\\\/\\\/sokindsport.com\\\/vuelta-a-espana-remco-evenepoel-enric-mas-gain-big-as-richard-carapaz-mikel-landa-lose-time\\\/#breadcrumb\",\"itemListElement\":[{\"@type\":\"ListItem\",\"position\":1,\"name\":\"Home\",\"item\":\"https:\\\/\\\/sokindsport.com\\\/\"},{\"@type\":\"ListItem\",\"position\":2,\"name\":\"Vuelta a Espa\u00f1a: Remco Evenepoel, Enric Mas gain big, as Richard Carapaz, Mikel Landa lose time\"}]},{\"@type\":\"WebSite\",\"@id\":\"https:\\\/\\\/sokindsport.com\\\/#website\",\"url\":\"https:\\\/\\\/sokindsport.com\\\/\",\"name\":\"Sokind Cycling Pad\",\"description\":\"Sokind Cycling Pad\",\"publisher\":{\"@id\":\"https:\\\/\\\/sokindsport.com\\\/#organization\"},\"potentialAction\":[{\"@type\":\"SearchAction\",\"target\":{\"@type\":\"EntryPoint\",\"urlTemplate\":\"https:\\\/\\\/sokindsport.com\\\/?s={search_term_string}\"},\"query-input\":{\"@type\":\"PropertyValueSpecification\",\"valueRequired\":true,\"valueName\":\"search_term_string\"}}],\"inLanguage\":\"fr-FR\"},{\"@type\":\"Organization\",\"@id\":\"https:\\\/\\\/sokindsport.com\\\/#organization\",\"name\":\"Sokind Cycling Pad\",\"url\":\"https:\\\/\\\/sokindsport.com\\\/\",\"logo\":{\"@type\":\"ImageObject\",\"inLanguage\":\"fr-FR\",\"@id\":\"https:\\\/\\\/sokindsport.com\\\/#\\\/schema\\\/logo\\\/image\\\/\",\"url\":\"https:\\\/\\\/sokindsport.com\\\/wp-content\\\/uploads\\\/2022\\\/02\\\/Sokind-Sport-Logo.png\",\"contentUrl\":\"https:\\\/\\\/sokindsport.com\\\/wp-content\\\/uploads\\\/2022\\\/02\\\/Sokind-Sport-Logo.png\",\"width\":250,\"height\":64,\"caption\":\"Sokind Cycling Pad\"},\"image\":{\"@id\":\"https:\\\/\\\/sokindsport.com\\\/#\\\/schema\\\/logo\\\/image\\\/\"}},{\"@type\":\"Person\",\"@id\":\"https:\\\/\\\/sokindsport.com\\\/#\\\/schema\\\/person\\\/a6be36480bf7fdd7fa99e7f8014f56c0\",\"name\":\"sokind\",\"image\":{\"@type\":\"ImageObject\",\"inLanguage\":\"fr-FR\",\"@id\":\"https:\\\/\\\/secure.gravatar.com\\\/avatar\\\/86866cd772662a68fb11136082c79816dcbe9dadb6fb021b3aa8302174e7a314?s=96&d=mm&r=g\",\"url\":\"https:\\\/\\\/secure.gravatar.com\\\/avatar\\\/86866cd772662a68fb11136082c79816dcbe9dadb6fb021b3aa8302174e7a314?s=96&d=mm&r=g\",\"contentUrl\":\"https:\\\/\\\/secure.gravatar.com\\\/avatar\\\/86866cd772662a68fb11136082c79816dcbe9dadb6fb021b3aa8302174e7a314?s=96&d=mm&r=g\",\"caption\":\"sokind\"},\"sameAs\":[\"https:\\\/\\\/sokindsport.com\"],\"url\":\"https:\\\/\\\/sokindsport.com\\\/fr\\\/author\\\/sokind\\\/\"}]}<\/script>\n<!-- \/ Yoast SEO plugin. -->","yoast_head_json":{"title":"Vuelta a Espa\u00f1a : Remco Evenepoel et Enric Mas gagnent beaucoup, Richard Carapaz et Mikel Landa perdent du temps","robots":{"index":"index","follow":"follow","max-snippet":"max-snippet:-1","max-image-preview":"max-image-preview:large","max-video-preview":"max-video-preview:-1"},"canonical":"https:\/\/sokindsport.com\/fr\/vuelta-a-espana-remco-evenepoel-enric-mas-gagne-gros-alors-que-richard-carapaz-mikel-landa-perd-du-temps\/","og_locale":"fr_FR","og_type":"article","og_title":"Vuelta a Espa\u00f1a: Remco Evenepoel, Enric Mas gain big, as Richard Carapaz, Mikel Landa lose time","og_description":"SAN MIGUEL DE AGUAYO, Spain (VN) \u2014\u00a0Juan Ayuso\u00a0emerged from the mist near the top of the rainy Pico Jano summit to confirm himself as the dashing new hope of Spanish cycling at the\u00a0Vuelta a Espa\u00f1a. With Spanish cycling languishing during the past few seasons, the 19-year-old Ayuso delivered on the hype Thursday in stage 6 [&hellip;]","og_url":"https:\/\/sokindsport.com\/fr\/vuelta-a-espana-remco-evenepoel-enric-mas-gagne-gros-alors-que-richard-carapaz-mikel-landa-perd-du-temps\/","og_site_name":"Sokind Cycling Pad","article_published_time":"2022-08-26T03:07:13+00:00","article_modified_time":"2023-10-05T06:54:42+00:00","og_image":[{"width":704,"height":730,"url":"https:\/\/sokindsport.com\/wp-content\/uploads\/2022\/08\/16614829751.png","type":"image\/png"}],"author":"sokind","twitter_card":"summary_large_image","twitter_misc":{"\u00c9crit par":"sokind","Dur\u00e9e de lecture estim\u00e9e":"1 minute"},"schema":{"@context":"https:\/\/schema.org","@graph":[{"@type":"Article","@id":"https:\/\/sokindsport.com\/vuelta-a-espana-remco-evenepoel-enric-mas-gain-big-as-richard-carapaz-mikel-landa-lose-time\/#article","isPartOf":{"@id":"https:\/\/sokindsport.com\/vuelta-a-espana-remco-evenepoel-enric-mas-gain-big-as-richard-carapaz-mikel-landa-lose-time\/"},"author":{"name":"sokind","@id":"https:\/\/sokindsport.com\/#\/schema\/person\/a6be36480bf7fdd7fa99e7f8014f56c0"},"headline":"Vuelta a Espa\u00f1a: Remco Evenepoel, Enric Mas gain big, as Richard Carapaz, Mikel Landa lose time","datePublished":"2022-08-26T03:07:13+00:00","dateModified":"2023-10-05T06:54:42+00:00","mainEntityOfPage":{"@id":"https:\/\/sokindsport.com\/vuelta-a-espana-remco-evenepoel-enric-mas-gain-big-as-richard-carapaz-mikel-landa-lose-time\/"},"wordCount":152,"commentCount":0,"publisher":{"@id":"https:\/\/sokindsport.com\/#organization"},"image":{"@id":"https:\/\/sokindsport.com\/vuelta-a-espana-remco-evenepoel-enric-mas-gain-big-as-richard-carapaz-mikel-landa-lose-time\/#primaryimage"},"thumbnailUrl":"https:\/\/sokindsport.com\/wp-content\/uploads\/2022\/08\/16614829751.png","articleSection":["News"],"inLanguage":"fr-FR","potentialAction":[{"@type":"CommentAction","name":"Comment","target":["https:\/\/sokindsport.com\/vuelta-a-espana-remco-evenepoel-enric-mas-gain-big-as-richard-carapaz-mikel-landa-lose-time\/#respond"]}]},{"@type":"WebPage","@id":"https:\/\/sokindsport.com\/vuelta-a-espana-remco-evenepoel-enric-mas-gain-big-as-richard-carapaz-mikel-landa-lose-time\/","url":"https:\/\/sokindsport.com\/vuelta-a-espana-remco-evenepoel-enric-mas-gain-big-as-richard-carapaz-mikel-landa-lose-time\/","name":"Vuelta a Espa\u00f1a : Remco Evenepoel et Enric Mas gagnent beaucoup, Richard Carapaz et Mikel Landa perdent du temps","isPartOf":{"@id":"https:\/\/sokindsport.com\/#website"},"primaryImageOfPage":{"@id":"https:\/\/sokindsport.com\/vuelta-a-espana-remco-evenepoel-enric-mas-gain-big-as-richard-carapaz-mikel-landa-lose-time\/#primaryimage"},"image":{"@id":"https:\/\/sokindsport.com\/vuelta-a-espana-remco-evenepoel-enric-mas-gain-big-as-richard-carapaz-mikel-landa-lose-time\/#primaryimage"},"thumbnailUrl":"https:\/\/sokindsport.com\/wp-content\/uploads\/2022\/08\/16614829751.png","datePublished":"2022-08-26T03:07:13+00:00","dateModified":"2023-10-05T06:54:42+00:00","breadcrumb":{"@id":"https:\/\/sokindsport.com\/vuelta-a-espana-remco-evenepoel-enric-mas-gain-big-as-richard-carapaz-mikel-landa-lose-time\/#breadcrumb"},"inLanguage":"fr-FR","potentialAction":[{"@type":"ReadAction","target":["https:\/\/sokindsport.com\/vuelta-a-espana-remco-evenepoel-enric-mas-gain-big-as-richard-carapaz-mikel-landa-lose-time\/"]}]},{"@type":"ImageObject","inLanguage":"fr-FR","@id":"https:\/\/sokindsport.com\/vuelta-a-espana-remco-evenepoel-enric-mas-gain-big-as-richard-carapaz-mikel-landa-lose-time\/#primaryimage","url":"https:\/\/sokindsport.com\/wp-content\/uploads\/2022\/08\/16614829751.png","contentUrl":"https:\/\/sokindsport.com\/wp-content\/uploads\/2022\/08\/16614829751.png","width":704,"height":730},{"@type":"BreadcrumbList","@id":"https:\/\/sokindsport.com\/vuelta-a-espana-remco-evenepoel-enric-mas-gain-big-as-richard-carapaz-mikel-landa-lose-time\/#breadcrumb","itemListElement":[{"@type":"ListItem","position":1,"name":"Home","item":"https:\/\/sokindsport.com\/"},{"@type":"ListItem","position":2,"name":"Vuelta a Espa\u00f1a: Remco Evenepoel, Enric Mas gain big, as Richard Carapaz, Mikel Landa lose time"}]},{"@type":"WebSite","@id":"https:\/\/sokindsport.com\/#website","url":"https:\/\/sokindsport.com\/","name":"Pad de v\u00e9lo Sokind","description":"Pad de v\u00e9lo Sokind","publisher":{"@id":"https:\/\/sokindsport.com\/#organization"},"potentialAction":[{"@type":"SearchAction","target":{"@type":"EntryPoint","urlTemplate":"https:\/\/sokindsport.com\/?s={search_term_string}"},"query-input":{"@type":"PropertyValueSpecification","valueRequired":true,"valueName":"search_term_string"}}],"inLanguage":"fr-FR"},{"@type":"Organization","@id":"https:\/\/sokindsport.com\/#organization","name":"Pad de v\u00e9lo Sokind","url":"https:\/\/sokindsport.com\/","logo":{"@type":"ImageObject","inLanguage":"fr-FR","@id":"https:\/\/sokindsport.com\/#\/schema\/logo\/image\/","url":"https:\/\/sokindsport.com\/wp-content\/uploads\/2022\/02\/Sokind-Sport-Logo.png","contentUrl":"https:\/\/sokindsport.com\/wp-content\/uploads\/2022\/02\/Sokind-Sport-Logo.png","width":250,"height":64,"caption":"Sokind Cycling Pad"},"image":{"@id":"https:\/\/sokindsport.com\/#\/schema\/logo\/image\/"}},{"@type":"Person","@id":"https:\/\/sokindsport.com\/#\/schema\/person\/a6be36480bf7fdd7fa99e7f8014f56c0","name":"sokind","image":{"@type":"ImageObject","inLanguage":"fr-FR","@id":"https:\/\/secure.gravatar.com\/avatar\/86866cd772662a68fb11136082c79816dcbe9dadb6fb021b3aa8302174e7a314?s=96&d=mm&r=g","url":"https:\/\/secure.gravatar.com\/avatar\/86866cd772662a68fb11136082c79816dcbe9dadb6fb021b3aa8302174e7a314?s=96&d=mm&r=g","contentUrl":"https:\/\/secure.gravatar.com\/avatar\/86866cd772662a68fb11136082c79816dcbe9dadb6fb021b3aa8302174e7a314?s=96&d=mm&r=g","caption":"sokind"},"sameAs":["https:\/\/sokindsport.com"],"url":"https:\/\/sokindsport.com\/fr\/author\/sokind\/"}]}},"_links":{"self":[{"href":"https:\/\/sokindsport.com\/fr\/wp-json\/wp\/v2\/posts\/2002","targetHints":{"allow":["GET"]}}],"collection":[{"href":"https:\/\/sokindsport.com\/fr\/wp-json\/wp\/v2\/posts"}],"about":[{"href":"https:\/\/sokindsport.com\/fr\/wp-json\/wp\/v2\/types\/post"}],"author":[{"embeddable":true,"href":"https:\/\/sokindsport.com\/fr\/wp-json\/wp\/v2\/users\/1"}],"replies":[{"embeddable":true,"href":"https:\/\/sokindsport.com\/fr\/wp-json\/wp\/v2\/comments?post=2002"}],"version-history":[{"count":4,"href":"https:\/\/sokindsport.com\/fr\/wp-json\/wp\/v2\/posts\/2002\/revisions"}],"predecessor-version":[{"id":2007,"href":"https:\/\/sokindsport.com\/fr\/wp-json\/wp\/v2\/posts\/2002\/revisions\/2007"}],"wp:featuredmedia":[{"embeddable":true,"href":"https:\/\/sokindsport.com\/fr\/wp-json\/wp\/v2\/media\/2003"}],"wp:attachment":[{"href":"https:\/\/sokindsport.com\/fr\/wp-json\/wp\/v2\/media?parent=2002"}],"wp:term":[{"taxonomy":"category","embeddable":true,"href":"https:\/\/sokindsport.com\/fr\/wp-json\/wp\/v2\/categories?post=2002"},{"taxonomy":"post_tag","embeddable":true,"href":"https:\/\/sokindsport.com\/fr\/wp-json\/wp\/v2\/tags?post=2002"}],"curies":[{"name":"wp","href":"https:\/\/api.w.org\/{rel}","templated":true}]}}