{"id":1996,"date":"2022-08-26T03:01:07","date_gmt":"2022-08-26T03:01:07","guid":{"rendered":"https:\/\/sokindsport.com\/?p=1996"},"modified":"2023-10-05T06:54:49","modified_gmt":"2023-10-05T06:54:49","slug":"el-ciclismo-britanico-conmocionado-por-el-fallecimiento-del-nuevo-campeon-escoces-de-mtb-xc-rab-wardell","status":"publish","type":"post","link":"https:\/\/sokindsport.com\/es\/british-cycling-in-shock-after-passing-of-new-scottish-mtb-xc-champion-rab-wardell\/","title":{"rendered":"El ciclismo brit\u00e1nico, conmocionado por el fallecimiento del nuevo campe\u00f3n escoc\u00e9s de BTT XC Rab Wardell"},"content":{"rendered":"<div data-elementor-type=\"wp-post\" data-elementor-id=\"1996\" class=\"elementor elementor-1996\" data-elementor-post-type=\"post\">\n\t\t\t\t\t\t<section class=\"elementor-section elementor-top-section elementor-element elementor-element-392b4118 elementor-section-boxed elementor-section-height-default elementor-section-height-default\" data-id=\"392b4118\" data-element_type=\"section\" data-e-type=\"section\">\n\t\t\t\t\t\t<div class=\"elementor-container elementor-column-gap-default\">\n\t\t\t\t\t<div class=\"elementor-column elementor-col-100 elementor-top-column elementor-element elementor-element-7b7822ed\" data-id=\"7b7822ed\" data-element_type=\"column\" data-e-type=\"column\">\n\t\t\t<div class=\"elementor-widget-wrap elementor-element-populated\">\n\t\t\t\t\t\t<div class=\"elementor-element elementor-element-1ba5496d elementor-widget elementor-widget-text-editor\" data-id=\"1ba5496d\" data-element_type=\"widget\" data-e-type=\"widget\" data-widget_type=\"text-editor.default\">\n\t\t\t\t\t\t\t\t\t\n<p><\/p>\n\n\n\n<p><\/p>\n\t\t\t\t\t\t\t\t<\/div>\n\t\t\t\t\t<\/div>\n\t\t<\/div>\n\t\t\t\t\t<\/div>\n\t\t<\/section>\n\t\t\t\t<section class=\"elementor-section elementor-top-section elementor-element elementor-element-3a7e540 elementor-section-boxed elementor-section-height-default elementor-section-height-default\" data-id=\"3a7e540\" data-element_type=\"section\" data-e-type=\"section\">\n\t\t\t\t\t\t<div class=\"elementor-container elementor-column-gap-default\">\n\t\t\t\t\t<div class=\"elementor-column elementor-col-100 elementor-top-column elementor-element elementor-element-a311410\" data-id=\"a311410\" data-element_type=\"column\" data-e-type=\"column\">\n\t\t\t<div class=\"elementor-widget-wrap elementor-element-populated\">\n\t\t\t\t\t\t<div class=\"elementor-element elementor-element-7efaef6 elementor-widget elementor-widget-text-editor\" data-id=\"7efaef6\" data-element_type=\"widget\" data-e-type=\"widget\" data-widget_type=\"text-editor.default\">\n\t\t\t\t\t\t\t\t\t<p>\u00a0<span style=\"color: #000000;\"><strong>Dos d\u00edas despu\u00e9s de lograr su gran objetivo deportivo de proclamarse campe\u00f3n nacional escoc\u00e9s de BTT XC, Rab Wardell falleci\u00f3 el martes mientras dorm\u00eda, sumiendo al mundo del ciclismo en la conmoci\u00f3n y el luto.<\/strong><\/span><\/p>\n<p><span style=\"color: #000000;\"><strong>\"Estamos desolados al confirmar la noticia de que el ciclista de monta\u00f1a internacional y antiguo empleado, Rab Wardell, ha fallecido hoy\", dijo Scottish Cycling en un comunicado el martes.<\/strong><\/span><\/p>\n<p><span style=\"color: #000000;\"><strong>\"Tenemos muy poca informaci\u00f3n en este momento, pero enviamos nuestro amor y apoyo a su familia, amigos y todos aquellos en nuestra comunidad que lo conoc\u00edan. Les pedimos que respeten la privacidad de la familia de Rab en este momento incre\u00edblemente triste.\"<\/strong><\/span><\/p>\n<div class=\"twitter-tweet twitter-tweet-rendered\"><iframe id=\"twitter-widget-0\" class=\"\" title=\"Twitter Tweet\" src=\"https:\/\/platform.twitter.com\/embed\/Tweet.html?creatorScreenName=velonews&amp;dnt=true&amp;embedId=twitter-widget-0&amp;features=eyJ0ZndfdGltZWxpbmVfbGlzdCI6eyJidWNrZXQiOlsibGlua3RyLmVlIiwidHIuZWUiXSwidmVyc2lvbiI6bnVsbH0sInRmd19ob3Jpem9uX3RpbWVsaW5lXzEyMDM0Ijp7ImJ1Y2tldCI6InRyZWF0bWVudCIsInZlcnNpb24iOm51bGx9LCJ0ZndfdHdlZXRfZWRpdF9iYWNrZW5kIjp7ImJ1Y2tldCI6Im9uIiwidmVyc2lvbiI6bnVsbH0sInRmd19yZWZzcmNfc2Vzc2lvbiI6eyJidWNrZXQiOiJvbiIsInZlcnNpb24iOm51bGx9LCJ0ZndfY2hpbl9waWxsc18xNDc0MSI6eyJidWNrZXQiOiJjb2xvcl9pY29ucyIsInZlcnNpb24iOm51bGx9LCJ0ZndfdHdlZXRfcmVzdWx0X21pZ3JhdGlvbl8xMzk3OSI6eyJidWNrZXQiOiJ0d2VldF9yZXN1bHQiLCJ2ZXJzaW9uIjpudWxsfSwidGZ3X3NlbnNpdGl2ZV9tZWRpYV9pbnRlcnN0aXRpYWxfMTM5NjMiOnsiYnVja2V0IjoiaW50ZXJzdGl0aWFsIiwidmVyc2lvbiI6bnVsbH0sInRmd19leHBlcmltZW50c19jb29raWVfZXhwaXJhdGlvbiI6eyJidWNrZXQiOjEyMDk2MDAsInZlcnNpb24iOm51bGx9LCJ0ZndfZHVwbGljYXRlX3NjcmliZXNfdG9fc2V0dGluZ3MiOnsiYnVja2V0Ijoib24iLCJ2ZXJzaW9uIjpudWxsfSwidGZ3X3R3ZWV0X2VkaXRfZnJvbnRlbmQiOnsiYnVja2V0Ijoib2ZmIiwidmVyc2lvbiI6bnVsbH19&amp;frame=false&amp;hideCard=false&amp;hideThread=false&amp;id=1562470409919799297&amp;lang=en&amp;origin=https%3A%2F%2Fwww.velonews.com%2Fnews%2Fmountain%2Fbritish-cycling-in-shock-after-passing-of-new-scottish-mtb-xc-champion-rab-wardell%2F&amp;sessionId=d238274a9ccff943d7179a1a62d160d4b2b83d70&amp;siteScreenName=velonews&amp;theme=light&amp;widgetsVersion=31f0cdc1eaa0f%3A1660602114609&amp;width=500px\" frameborder=\"0\" scrolling=\"no\" allowfullscreen=\"allowfullscreen\" data-tweet-id=\"1562470409919799297\" data-mce-fragment=\"1\"><\/iframe><\/div>\n<p>\u00a0<\/p>\n<p><span style=\"color: #000000;\"><strong>Su compa\u00f1era Katie Archibald, medalla de oro ol\u00edmpica en pista, confirm\u00f3 la noticia el mi\u00e9rcoles.<\/strong><\/span><\/p>\n<p><span style=\"color: #000000;\"><strong>\"Creo que os hab\u00e9is enterado de que Rab muri\u00f3 ayer por la ma\u00f1ana\", escribi\u00f3 en las redes sociales. \"Todav\u00eda no entiendo qu\u00e9 ha pasado, si esto es real, por qu\u00e9 se lo han llevado ahora, tan sano y feliz.<\/strong><\/span><\/p>\n<p><span style=\"color: #000000;\"><strong>\"Entr\u00f3 en parada card\u00edaca mientras est\u00e1bamos tumbados en la cama. Lo intent\u00e9 y lo intent\u00e9, y los param\u00e9dicos llegaron a los pocos minutos, pero su coraz\u00f3n se par\u00f3 y no pudieron reanimarlo. El m\u00edo se par\u00f3 con \u00e9l. Le quiero tanto y le necesito aqu\u00ed conmigo. Lo necesito tanto aqu\u00ed, pero se ha ido. No puedo describir este dolor.<\/strong><\/span><\/p>\n<p><span style=\"color: #000000;\"><strong>\"No soporto hablar de \u00e9l en pasado para decir algo yo misma. Lo significas todo para m\u00ed, Rab. Te quiero\".<\/strong><\/span><\/p>\n<p><span style=\"color: #000000;\"><strong>Wardell represent\u00f3 a Escocia a nivel internacional, compitiendo en pruebas de carretera y BTT. Wardell, de 37 a\u00f1os, volvi\u00f3 a competir este a\u00f1o. El domingo, s\u00f3lo dos d\u00edas antes de su muerte, se adjudic\u00f3 su primer t\u00edtulo nacional escoc\u00e9s de BTT XC de \u00e9lite en los campeonatos de BTT XC celebrados en Kirroughtree Forest, Dumfries y Galloway, superando varios pinchazos para ganar en la \u00faltima vuelta.<\/strong><\/span><\/p>\n<p><span style=\"color: #000000;\"><strong>British Cycling describi\u00f3 su victoria como una \"muestra de incre\u00edble resistencia\".<\/strong><\/span><\/p>\n<p><span style=\"color: #000000;\"><strong>Wardell habl\u00f3 de esa victoria en las redes sociales tras la carrera del domingo.<\/strong><\/span><\/p>\n<p><span style=\"color: #000000;\"><strong>\"Me ha costado unos cuantos a\u00f1os, pero puedo a\u00f1adir el t\u00edtulo de cross senior a los de junior y sub23 que gan\u00e9 hace casi dos d\u00e9cadas. Sinceramente, una carrera impactante por mi parte con 3 pinchazos, pero encantado de poder llevarme la victoria\".<\/strong><\/span><\/p>\n<p><span style=\"color: #000000;\"><strong>El lunes por la noche apareci\u00f3 en el programa de la BBC escocesa The Nine para hablar de la victoria.<\/strong><\/span><\/p>\n<p><span style=\"color: #000000;\"><strong>La Asociaci\u00f3n Escocesa de Cross Country, organizadora de la carrera del domingo, le rindi\u00f3 homenaje en las redes sociales.<\/strong><\/span><\/p>\n<p><span style=\"color: #000000;\"><strong>\"Nuestra comunidad le echar\u00e1 mucho de menos y su determinaci\u00f3n, talento y amistad perdurar\u00e1n en nuestros corazones y recuerdos. Estoy seguro de que muchos escribir\u00e1n palabras m\u00e1s elocuentes, pero RIP Rab. Nuestro campe\u00f3n, nuestra inspiraci\u00f3n, nuestro amigo\".<\/strong><\/span><\/p>\n<p><span style=\"color: #000000;\"><strong>El seis veces medallista de oro ol\u00edmpico, Sir Chris Hoy, tuite\u00f3: \"No puedo creerlo. Me rompe el coraz\u00f3n. Descansa en paz Rab\".<\/strong><\/span><\/p>\n<p><span style=\"color: #000000;\"><strong>Muchas otras personas del mundo del ciclismo tambi\u00e9n le han rendido homenaje.<\/strong><\/span><\/p>\t\t\t\t\t\t\t\t<\/div>\n\t\t\t\t\t<\/div>\n\t\t<\/div>\n\t\t\t\t\t<\/div>\n\t\t<\/section>\n\t\t\t\t<\/div>","protected":false},"excerpt":{"rendered":"<p>\u00a0Two days after achieving his big sporting goal of becoming Scottish MTB XC national champion, Rab Wardell passed away in his sleep Tuesday, plunging the cycling world into shock and mourning. \u201cWe are devastated to confirm the news that international mountain biker and former employee, Rab Wardell, has passed away today,\u201d Scottish Cycling said in [&hellip;]<\/p>\n","protected":false},"author":1,"featured_media":1997,"comment_status":"open","ping_status":"open","sticky":false,"template":"","format":"standard","meta":{"footnotes":""},"categories":[13],"tags":[],"class_list":["post-1996","post","type-post","status-publish","format-standard","has-post-thumbnail","hentry","category-news"],"yoast_head":"<!-- This site is optimized with the Yoast SEO plugin v27.4 - https:\/\/yoast.com\/product\/yoast-seo-wordpress\/ -->\n<title>British cycling in shock after passing of new Scottish MTB XC champion Rab Wardell<\/title>\n<meta name=\"robots\" content=\"index, follow, max-snippet:-1, max-image-preview:large, max-video-preview:-1\" \/>\n<link rel=\"canonical\" href=\"https:\/\/sokindsport.com\/es\/el-ciclismo-britanico-conmocionado-por-el-fallecimiento-del-nuevo-campeon-escoces-de-mtb-xc-rab-wardell\/\" \/>\n<meta property=\"og:locale\" content=\"es_ES\" \/>\n<meta property=\"og:type\" content=\"article\" \/>\n<meta property=\"og:title\" content=\"British cycling in shock after passing of new Scottish MTB XC champion Rab Wardell\" \/>\n<meta property=\"og:description\" content=\"\u00a0Two days after achieving his big sporting goal of becoming Scottish MTB XC national champion, Rab Wardell passed away in his sleep Tuesday, plunging the cycling world into shock and mourning. \u201cWe are devastated to confirm the news that international mountain biker and former employee, Rab Wardell, has passed away today,\u201d Scottish Cycling said in [&hellip;]\" \/>\n<meta property=\"og:url\" content=\"https:\/\/sokindsport.com\/es\/el-ciclismo-britanico-conmocionado-por-el-fallecimiento-del-nuevo-campeon-escoces-de-mtb-xc-rab-wardell\/\" \/>\n<meta property=\"og:site_name\" content=\"Sokind Cycling Pad\" \/>\n<meta property=\"article:published_time\" content=\"2022-08-26T03:01:07+00:00\" \/>\n<meta property=\"article:modified_time\" content=\"2023-10-05T06:54:49+00:00\" \/>\n<meta property=\"og:image\" content=\"https:\/\/sokindsport.com\/wp-content\/uploads\/2022\/08\/16614826951.png\" \/>\n\t<meta property=\"og:image:width\" content=\"838\" \/>\n\t<meta property=\"og:image:height\" content=\"652\" \/>\n\t<meta property=\"og:image:type\" content=\"image\/png\" \/>\n<meta name=\"author\" content=\"sokind\" \/>\n<meta name=\"twitter:card\" content=\"summary_large_image\" \/>\n<meta name=\"twitter:label1\" content=\"Escrito por\" \/>\n\t<meta name=\"twitter:data1\" content=\"sokind\" \/>\n\t<meta name=\"twitter:label2\" content=\"Tiempo de lectura\" \/>\n\t<meta name=\"twitter:data2\" content=\"3 minutos\" \/>\n<script type=\"application\/ld+json\" class=\"yoast-schema-graph\">{\"@context\":\"https:\\\/\\\/schema.org\",\"@graph\":[{\"@type\":\"Article\",\"@id\":\"https:\\\/\\\/sokindsport.com\\\/british-cycling-in-shock-after-passing-of-new-scottish-mtb-xc-champion-rab-wardell\\\/#article\",\"isPartOf\":{\"@id\":\"https:\\\/\\\/sokindsport.com\\\/british-cycling-in-shock-after-passing-of-new-scottish-mtb-xc-champion-rab-wardell\\\/\"},\"author\":{\"name\":\"sokind\",\"@id\":\"https:\\\/\\\/sokindsport.com\\\/#\\\/schema\\\/person\\\/a6be36480bf7fdd7fa99e7f8014f56c0\"},\"headline\":\"British cycling in shock after passing of new Scottish MTB XC champion Rab Wardell\",\"datePublished\":\"2022-08-26T03:01:07+00:00\",\"dateModified\":\"2023-10-05T06:54:49+00:00\",\"mainEntityOfPage\":{\"@id\":\"https:\\\/\\\/sokindsport.com\\\/british-cycling-in-shock-after-passing-of-new-scottish-mtb-xc-champion-rab-wardell\\\/\"},\"wordCount\":488,\"commentCount\":0,\"publisher\":{\"@id\":\"https:\\\/\\\/sokindsport.com\\\/#organization\"},\"image\":{\"@id\":\"https:\\\/\\\/sokindsport.com\\\/british-cycling-in-shock-after-passing-of-new-scottish-mtb-xc-champion-rab-wardell\\\/#primaryimage\"},\"thumbnailUrl\":\"https:\\\/\\\/sokindsport.com\\\/wp-content\\\/uploads\\\/2022\\\/08\\\/16614826951.png\",\"articleSection\":[\"News\"],\"inLanguage\":\"es\",\"potentialAction\":[{\"@type\":\"CommentAction\",\"name\":\"Comment\",\"target\":[\"https:\\\/\\\/sokindsport.com\\\/british-cycling-in-shock-after-passing-of-new-scottish-mtb-xc-champion-rab-wardell\\\/#respond\"]}]},{\"@type\":\"WebPage\",\"@id\":\"https:\\\/\\\/sokindsport.com\\\/british-cycling-in-shock-after-passing-of-new-scottish-mtb-xc-champion-rab-wardell\\\/\",\"url\":\"https:\\\/\\\/sokindsport.com\\\/british-cycling-in-shock-after-passing-of-new-scottish-mtb-xc-champion-rab-wardell\\\/\",\"name\":\"British cycling in shock after passing of new Scottish MTB XC champion Rab Wardell\",\"isPartOf\":{\"@id\":\"https:\\\/\\\/sokindsport.com\\\/#website\"},\"primaryImageOfPage\":{\"@id\":\"https:\\\/\\\/sokindsport.com\\\/british-cycling-in-shock-after-passing-of-new-scottish-mtb-xc-champion-rab-wardell\\\/#primaryimage\"},\"image\":{\"@id\":\"https:\\\/\\\/sokindsport.com\\\/british-cycling-in-shock-after-passing-of-new-scottish-mtb-xc-champion-rab-wardell\\\/#primaryimage\"},\"thumbnailUrl\":\"https:\\\/\\\/sokindsport.com\\\/wp-content\\\/uploads\\\/2022\\\/08\\\/16614826951.png\",\"datePublished\":\"2022-08-26T03:01:07+00:00\",\"dateModified\":\"2023-10-05T06:54:49+00:00\",\"breadcrumb\":{\"@id\":\"https:\\\/\\\/sokindsport.com\\\/british-cycling-in-shock-after-passing-of-new-scottish-mtb-xc-champion-rab-wardell\\\/#breadcrumb\"},\"inLanguage\":\"es\",\"potentialAction\":[{\"@type\":\"ReadAction\",\"target\":[\"https:\\\/\\\/sokindsport.com\\\/british-cycling-in-shock-after-passing-of-new-scottish-mtb-xc-champion-rab-wardell\\\/\"]}]},{\"@type\":\"ImageObject\",\"inLanguage\":\"es\",\"@id\":\"https:\\\/\\\/sokindsport.com\\\/british-cycling-in-shock-after-passing-of-new-scottish-mtb-xc-champion-rab-wardell\\\/#primaryimage\",\"url\":\"https:\\\/\\\/sokindsport.com\\\/wp-content\\\/uploads\\\/2022\\\/08\\\/16614826951.png\",\"contentUrl\":\"https:\\\/\\\/sokindsport.com\\\/wp-content\\\/uploads\\\/2022\\\/08\\\/16614826951.png\",\"width\":838,\"height\":652},{\"@type\":\"BreadcrumbList\",\"@id\":\"https:\\\/\\\/sokindsport.com\\\/british-cycling-in-shock-after-passing-of-new-scottish-mtb-xc-champion-rab-wardell\\\/#breadcrumb\",\"itemListElement\":[{\"@type\":\"ListItem\",\"position\":1,\"name\":\"Home\",\"item\":\"https:\\\/\\\/sokindsport.com\\\/\"},{\"@type\":\"ListItem\",\"position\":2,\"name\":\"British cycling in shock after passing of new Scottish MTB XC champion Rab Wardell\"}]},{\"@type\":\"WebSite\",\"@id\":\"https:\\\/\\\/sokindsport.com\\\/#website\",\"url\":\"https:\\\/\\\/sokindsport.com\\\/\",\"name\":\"Sokind Cycling Pad\",\"description\":\"Sokind Cycling Pad\",\"publisher\":{\"@id\":\"https:\\\/\\\/sokindsport.com\\\/#organization\"},\"potentialAction\":[{\"@type\":\"SearchAction\",\"target\":{\"@type\":\"EntryPoint\",\"urlTemplate\":\"https:\\\/\\\/sokindsport.com\\\/?s={search_term_string}\"},\"query-input\":{\"@type\":\"PropertyValueSpecification\",\"valueRequired\":true,\"valueName\":\"search_term_string\"}}],\"inLanguage\":\"es\"},{\"@type\":\"Organization\",\"@id\":\"https:\\\/\\\/sokindsport.com\\\/#organization\",\"name\":\"Sokind Cycling Pad\",\"url\":\"https:\\\/\\\/sokindsport.com\\\/\",\"logo\":{\"@type\":\"ImageObject\",\"inLanguage\":\"es\",\"@id\":\"https:\\\/\\\/sokindsport.com\\\/#\\\/schema\\\/logo\\\/image\\\/\",\"url\":\"https:\\\/\\\/sokindsport.com\\\/wp-content\\\/uploads\\\/2022\\\/02\\\/Sokind-Sport-Logo.png\",\"contentUrl\":\"https:\\\/\\\/sokindsport.com\\\/wp-content\\\/uploads\\\/2022\\\/02\\\/Sokind-Sport-Logo.png\",\"width\":250,\"height\":64,\"caption\":\"Sokind Cycling Pad\"},\"image\":{\"@id\":\"https:\\\/\\\/sokindsport.com\\\/#\\\/schema\\\/logo\\\/image\\\/\"}},{\"@type\":\"Person\",\"@id\":\"https:\\\/\\\/sokindsport.com\\\/#\\\/schema\\\/person\\\/a6be36480bf7fdd7fa99e7f8014f56c0\",\"name\":\"sokind\",\"image\":{\"@type\":\"ImageObject\",\"inLanguage\":\"es\",\"@id\":\"https:\\\/\\\/secure.gravatar.com\\\/avatar\\\/86866cd772662a68fb11136082c79816dcbe9dadb6fb021b3aa8302174e7a314?s=96&d=mm&r=g\",\"url\":\"https:\\\/\\\/secure.gravatar.com\\\/avatar\\\/86866cd772662a68fb11136082c79816dcbe9dadb6fb021b3aa8302174e7a314?s=96&d=mm&r=g\",\"contentUrl\":\"https:\\\/\\\/secure.gravatar.com\\\/avatar\\\/86866cd772662a68fb11136082c79816dcbe9dadb6fb021b3aa8302174e7a314?s=96&d=mm&r=g\",\"caption\":\"sokind\"},\"sameAs\":[\"https:\\\/\\\/sokindsport.com\"],\"url\":\"https:\\\/\\\/sokindsport.com\\\/es\\\/author\\\/sokind\\\/\"}]}<\/script>\n<!-- \/ Yoast SEO plugin. -->","yoast_head_json":{"title":"El ciclismo brit\u00e1nico, conmocionado por el fallecimiento del nuevo campe\u00f3n escoc\u00e9s de BTT XC Rab Wardell","robots":{"index":"index","follow":"follow","max-snippet":"max-snippet:-1","max-image-preview":"max-image-preview:large","max-video-preview":"max-video-preview:-1"},"canonical":"https:\/\/sokindsport.com\/es\/el-ciclismo-britanico-conmocionado-por-el-fallecimiento-del-nuevo-campeon-escoces-de-mtb-xc-rab-wardell\/","og_locale":"es_ES","og_type":"article","og_title":"British cycling in shock after passing of new Scottish MTB XC champion Rab Wardell","og_description":"\u00a0Two days after achieving his big sporting goal of becoming Scottish MTB XC national champion, Rab Wardell passed away in his sleep Tuesday, plunging the cycling world into shock and mourning. \u201cWe are devastated to confirm the news that international mountain biker and former employee, Rab Wardell, has passed away today,\u201d Scottish Cycling said in [&hellip;]","og_url":"https:\/\/sokindsport.com\/es\/el-ciclismo-britanico-conmocionado-por-el-fallecimiento-del-nuevo-campeon-escoces-de-mtb-xc-rab-wardell\/","og_site_name":"Sokind Cycling Pad","article_published_time":"2022-08-26T03:01:07+00:00","article_modified_time":"2023-10-05T06:54:49+00:00","og_image":[{"width":838,"height":652,"url":"https:\/\/sokindsport.com\/wp-content\/uploads\/2022\/08\/16614826951.png","type":"image\/png"}],"author":"sokind","twitter_card":"summary_large_image","twitter_misc":{"Escrito por":"sokind","Tiempo de lectura":"3 minutos"},"schema":{"@context":"https:\/\/schema.org","@graph":[{"@type":"Article","@id":"https:\/\/sokindsport.com\/british-cycling-in-shock-after-passing-of-new-scottish-mtb-xc-champion-rab-wardell\/#article","isPartOf":{"@id":"https:\/\/sokindsport.com\/british-cycling-in-shock-after-passing-of-new-scottish-mtb-xc-champion-rab-wardell\/"},"author":{"name":"sokind","@id":"https:\/\/sokindsport.com\/#\/schema\/person\/a6be36480bf7fdd7fa99e7f8014f56c0"},"headline":"British cycling in shock after passing of new Scottish MTB XC champion Rab Wardell","datePublished":"2022-08-26T03:01:07+00:00","dateModified":"2023-10-05T06:54:49+00:00","mainEntityOfPage":{"@id":"https:\/\/sokindsport.com\/british-cycling-in-shock-after-passing-of-new-scottish-mtb-xc-champion-rab-wardell\/"},"wordCount":488,"commentCount":0,"publisher":{"@id":"https:\/\/sokindsport.com\/#organization"},"image":{"@id":"https:\/\/sokindsport.com\/british-cycling-in-shock-after-passing-of-new-scottish-mtb-xc-champion-rab-wardell\/#primaryimage"},"thumbnailUrl":"https:\/\/sokindsport.com\/wp-content\/uploads\/2022\/08\/16614826951.png","articleSection":["News"],"inLanguage":"es","potentialAction":[{"@type":"CommentAction","name":"Comment","target":["https:\/\/sokindsport.com\/british-cycling-in-shock-after-passing-of-new-scottish-mtb-xc-champion-rab-wardell\/#respond"]}]},{"@type":"WebPage","@id":"https:\/\/sokindsport.com\/british-cycling-in-shock-after-passing-of-new-scottish-mtb-xc-champion-rab-wardell\/","url":"https:\/\/sokindsport.com\/british-cycling-in-shock-after-passing-of-new-scottish-mtb-xc-champion-rab-wardell\/","name":"El ciclismo brit\u00e1nico, conmocionado por el fallecimiento del nuevo campe\u00f3n escoc\u00e9s de BTT XC Rab Wardell","isPartOf":{"@id":"https:\/\/sokindsport.com\/#website"},"primaryImageOfPage":{"@id":"https:\/\/sokindsport.com\/british-cycling-in-shock-after-passing-of-new-scottish-mtb-xc-champion-rab-wardell\/#primaryimage"},"image":{"@id":"https:\/\/sokindsport.com\/british-cycling-in-shock-after-passing-of-new-scottish-mtb-xc-champion-rab-wardell\/#primaryimage"},"thumbnailUrl":"https:\/\/sokindsport.com\/wp-content\/uploads\/2022\/08\/16614826951.png","datePublished":"2022-08-26T03:01:07+00:00","dateModified":"2023-10-05T06:54:49+00:00","breadcrumb":{"@id":"https:\/\/sokindsport.com\/british-cycling-in-shock-after-passing-of-new-scottish-mtb-xc-champion-rab-wardell\/#breadcrumb"},"inLanguage":"es","potentialAction":[{"@type":"ReadAction","target":["https:\/\/sokindsport.com\/british-cycling-in-shock-after-passing-of-new-scottish-mtb-xc-champion-rab-wardell\/"]}]},{"@type":"ImageObject","inLanguage":"es","@id":"https:\/\/sokindsport.com\/british-cycling-in-shock-after-passing-of-new-scottish-mtb-xc-champion-rab-wardell\/#primaryimage","url":"https:\/\/sokindsport.com\/wp-content\/uploads\/2022\/08\/16614826951.png","contentUrl":"https:\/\/sokindsport.com\/wp-content\/uploads\/2022\/08\/16614826951.png","width":838,"height":652},{"@type":"BreadcrumbList","@id":"https:\/\/sokindsport.com\/british-cycling-in-shock-after-passing-of-new-scottish-mtb-xc-champion-rab-wardell\/#breadcrumb","itemListElement":[{"@type":"ListItem","position":1,"name":"Home","item":"https:\/\/sokindsport.com\/"},{"@type":"ListItem","position":2,"name":"British cycling in shock after passing of new Scottish MTB XC champion Rab Wardell"}]},{"@type":"WebSite","@id":"https:\/\/sokindsport.com\/#website","url":"https:\/\/sokindsport.com\/","name":"Coj\u00edn de ciclismo Sokind","description":"Coj\u00edn de ciclismo Sokind","publisher":{"@id":"https:\/\/sokindsport.com\/#organization"},"potentialAction":[{"@type":"SearchAction","target":{"@type":"EntryPoint","urlTemplate":"https:\/\/sokindsport.com\/?s={search_term_string}"},"query-input":{"@type":"PropertyValueSpecification","valueRequired":true,"valueName":"search_term_string"}}],"inLanguage":"es"},{"@type":"Organization","@id":"https:\/\/sokindsport.com\/#organization","name":"Coj\u00edn de ciclismo Sokind","url":"https:\/\/sokindsport.com\/","logo":{"@type":"ImageObject","inLanguage":"es","@id":"https:\/\/sokindsport.com\/#\/schema\/logo\/image\/","url":"https:\/\/sokindsport.com\/wp-content\/uploads\/2022\/02\/Sokind-Sport-Logo.png","contentUrl":"https:\/\/sokindsport.com\/wp-content\/uploads\/2022\/02\/Sokind-Sport-Logo.png","width":250,"height":64,"caption":"Sokind Cycling Pad"},"image":{"@id":"https:\/\/sokindsport.com\/#\/schema\/logo\/image\/"}},{"@type":"Person","@id":"https:\/\/sokindsport.com\/#\/schema\/person\/a6be36480bf7fdd7fa99e7f8014f56c0","name":"amable","image":{"@type":"ImageObject","inLanguage":"es","@id":"https:\/\/secure.gravatar.com\/avatar\/86866cd772662a68fb11136082c79816dcbe9dadb6fb021b3aa8302174e7a314?s=96&d=mm&r=g","url":"https:\/\/secure.gravatar.com\/avatar\/86866cd772662a68fb11136082c79816dcbe9dadb6fb021b3aa8302174e7a314?s=96&d=mm&r=g","contentUrl":"https:\/\/secure.gravatar.com\/avatar\/86866cd772662a68fb11136082c79816dcbe9dadb6fb021b3aa8302174e7a314?s=96&d=mm&r=g","caption":"sokind"},"sameAs":["https:\/\/sokindsport.com"],"url":"https:\/\/sokindsport.com\/es\/author\/sokind\/"}]}},"_links":{"self":[{"href":"https:\/\/sokindsport.com\/es\/wp-json\/wp\/v2\/posts\/1996","targetHints":{"allow":["GET"]}}],"collection":[{"href":"https:\/\/sokindsport.com\/es\/wp-json\/wp\/v2\/posts"}],"about":[{"href":"https:\/\/sokindsport.com\/es\/wp-json\/wp\/v2\/types\/post"}],"author":[{"embeddable":true,"href":"https:\/\/sokindsport.com\/es\/wp-json\/wp\/v2\/users\/1"}],"replies":[{"embeddable":true,"href":"https:\/\/sokindsport.com\/es\/wp-json\/wp\/v2\/comments?post=1996"}],"version-history":[{"count":4,"href":"https:\/\/sokindsport.com\/es\/wp-json\/wp\/v2\/posts\/1996\/revisions"}],"predecessor-version":[{"id":2001,"href":"https:\/\/sokindsport.com\/es\/wp-json\/wp\/v2\/posts\/1996\/revisions\/2001"}],"wp:featuredmedia":[{"embeddable":true,"href":"https:\/\/sokindsport.com\/es\/wp-json\/wp\/v2\/media\/1997"}],"wp:attachment":[{"href":"https:\/\/sokindsport.com\/es\/wp-json\/wp\/v2\/media?parent=1996"}],"wp:term":[{"taxonomy":"category","embeddable":true,"href":"https:\/\/sokindsport.com\/es\/wp-json\/wp\/v2\/categories?post=1996"},{"taxonomy":"post_tag","embeddable":true,"href":"https:\/\/sokindsport.com\/es\/wp-json\/wp\/v2\/tags?post=1996"}],"curies":[{"name":"wp","href":"https:\/\/api.w.org\/{rel}","templated":true}]}}