{"id":1990,"date":"2022-08-26T02:54:49","date_gmt":"2022-08-26T02:54:49","guid":{"rendered":"https:\/\/sokindsport.com\/?p=1990"},"modified":"2023-10-05T06:54:54","modified_gmt":"2023-10-05T06:54:54","slug":"pro-leg-meg-fishers-protesis-de-carbono-personalizada-para-bicicleta","status":"publish","type":"post","link":"https:\/\/sokindsport.com\/es\/pro-leg-meg-fishers-custom-carbon-bike-prosthesis\/","title":{"rendered":"Pro leg: La pr\u00f3tesis de carbono de Meg Fisher"},"content":{"rendered":"<div data-elementor-type=\"wp-post\" data-elementor-id=\"1990\" class=\"elementor elementor-1990\" data-elementor-post-type=\"post\">\n\t\t\t\t\t\t<section class=\"elementor-section elementor-top-section elementor-element elementor-element-dbce360 elementor-section-boxed elementor-section-height-default elementor-section-height-default\" data-id=\"dbce360\" data-element_type=\"section\" data-e-type=\"section\">\n\t\t\t\t\t\t<div class=\"elementor-container elementor-column-gap-default\">\n\t\t\t\t\t<div class=\"elementor-column elementor-col-100 elementor-top-column elementor-element elementor-element-8a547a9\" data-id=\"8a547a9\" data-element_type=\"column\" data-e-type=\"column\">\n\t\t\t<div class=\"elementor-widget-wrap elementor-element-populated\">\n\t\t\t\t\t\t\t<\/div>\n\t\t<\/div>\n\t\t\t\t\t<\/div>\n\t\t<\/section>\n\t\t\t\t<section class=\"elementor-section elementor-top-section elementor-element elementor-element-04ebd06 elementor-section-boxed elementor-section-height-default elementor-section-height-default\" data-id=\"04ebd06\" data-element_type=\"section\" data-e-type=\"section\">\n\t\t\t\t\t\t<div class=\"elementor-container elementor-column-gap-default\">\n\t\t\t\t\t<div class=\"elementor-column elementor-col-50 elementor-top-column elementor-element elementor-element-f42731b\" data-id=\"f42731b\" data-element_type=\"column\" data-e-type=\"column\">\n\t\t\t<div class=\"elementor-widget-wrap elementor-element-populated\">\n\t\t\t\t\t\t<div class=\"elementor-element elementor-element-46c30a4 elementor-widget elementor-widget-text-editor\" data-id=\"46c30a4\" data-element_type=\"widget\" data-e-type=\"widget\" data-widget_type=\"text-editor.default\">\n\t\t\t\t\t\t\t\t\t<p><span style=\"color: #000000;\"><strong>Hace dos semanas,\u00a0<a style=\"color: #000000;\" href=\"https:\/\/www.velonews.com\/tag\/meg-fisher\/\" data-outbound-instanced=\"true\">Meg Fisher<\/a>\u00a0se convirti\u00f3 en el primer -y \u00fanico- paraciclista en completar el\u00a0<a style=\"color: #000000;\" href=\"https:\/\/www.velonews.com\/tag\/leadboat\/\" data-outbound-instanced=\"true\">Desaf\u00edo LeadBoat<\/a>.<\/strong><\/span><\/p><p><span style=\"color: #000000;\"><strong>El ciclista de 39 a\u00f1os de Missoula, Montana, estuvo en la silla de montar durante casi 26 horas para terminar el recorrido de 105 millas.\u00a0<a style=\"color: #000000;\" href=\"https:\/\/www.velonews.com\/tag\/leadville-100-mtb\/\" data-outbound-instanced=\"true\">Leadville Trail 100 MTB<\/a>\u00a0y las 142 millas\u00a0<a style=\"color: #000000;\" href=\"https:\/\/www.velonews.com\/tag\/sbt-grvl\/\" data-outbound-instanced=\"true\">SBT GRVL<\/a>\u00a0Curso negro, espalda con espalda.<\/strong><\/span><\/p><p><span style=\"color: #000000;\"><strong>Aunque Fisher fue una de las docenas de ciclistas que se enfrentaron a este fin de semana monstruoso, fue la \u00fanica que lo hizo con una pierna anat\u00f3mica y una pr\u00f3tesis. Baste decir que me interesaba menos hacer un perfil de las bicicletas LeadBoat de Fisher -una Cannondale Topstone y una Scalpel- porque, en mi opini\u00f3n, lo que realmente destaca del equipo es su pierna.<\/strong><\/span><\/p><p><span style=\"color: #000000;\"><strong>Durante los \u00faltimos 20 a\u00f1os, Fisher ha vivido con una amputaci\u00f3n por debajo de la rodilla, despu\u00e9s de que un accidente de coche le causara graves da\u00f1os en el tobillo izquierdo. En esas dos d\u00e9cadas, ha conseguido medallas en dos Juegos Ol\u00edmpicos, ha ganado 11 campeonatos mundiales de paracyling, se ha convertido en doctora en fisioterapia y, m\u00e1s recientemente, en atleta de \u00e9lite y defensora de la floreciente escena del gravel.<\/strong><\/span><\/p><p><span style=\"color: #000000;\"><strong>Fisher ha logrado todo lo anterior utilizando varias iteraciones de una pr\u00f3tesis en la parte inferior de la pierna izquierda, la mayor\u00eda de las cuales no eran ideales para competir a un alto nivel deportivo.<\/strong><\/span><\/p><p><span style=\"color: #000000;\"><strong>Hasta que su amigo Brian Williams le fabric\u00f3 su actual pata de cabra, una pieza de bricolaje que cosi\u00f3 utilizando sus profundos conocimientos sobre el trabajo con carbono, su experiencia como montador de bicicletas y su comprensi\u00f3n de la singular mec\u00e1nica de su amiga.<\/strong><\/span><\/p><h2><span style=\"color: #000000;\"><strong>Frankenleg<\/strong><\/span><\/h2><p><span style=\"color: #000000;\"><strong>En primer lugar, un principio b\u00e1sico de las pr\u00f3tesis: no todas las extremidades son iguales.<\/strong><\/span><\/p><p><span style=\"color: #000000;\"><strong>Tras el accidente de Fisher, le colocaron una \"pierna andante\", es decir, una pr\u00f3tesis para el uso diario. Sin embargo, Fisher ten\u00eda en mente algo m\u00e1s que el \"uso diario\": la ex tenista universitaria ya hab\u00eda decidido que iba a volver a hacer deporte, y muy pronto se dedic\u00f3 al triatl\u00f3n, y despu\u00e9s exclusivamente al ciclismo.<\/strong><\/span><\/p><p><span style=\"color: #000000;\"><strong>Ese primer tramo no era ideal para correr -y definitivamente tampoco para montar a caballo-, pero \"no sabes lo que no sabes\", dice Fisher.\u00a0<\/strong><\/span><\/p><p><span style=\"color: #000000;\"><strong>Lo que Fisher aprendi\u00f3 m\u00e1s tarde es que la pata de andar estaba dise\u00f1ada para \"jugar con la conformidad e intentar devolver cierto nivel de energ\u00eda. Una pata de montar, en cambio, deber\u00eda tener movimiento cero\".<\/strong><\/span><\/p>\t\t\t\t\t\t\t\t<\/div>\n\t\t\t\t\t<\/div>\n\t\t<\/div>\n\t\t\t\t<div class=\"elementor-column elementor-col-50 elementor-top-column elementor-element elementor-element-899ed1e\" data-id=\"899ed1e\" data-element_type=\"column\" data-e-type=\"column\">\n\t\t\t<div class=\"elementor-widget-wrap elementor-element-populated\">\n\t\t\t\t\t\t<div class=\"elementor-element elementor-element-170df81 elementor-widget elementor-widget-text-editor\" data-id=\"170df81\" data-element_type=\"widget\" data-e-type=\"widget\" data-widget_type=\"text-editor.default\">\n\t\t\t\t\t\t\t\t\t<p><span style=\"color: #000000;\"><strong>A pesar de todo, Fisher se abri\u00f3 camino con esa pr\u00f3tesis y se hizo cada vez m\u00e1s competitiva sobre la bicicleta. Se uni\u00f3 al equipo nacional de ciclismo de Estados Unidos y se clasific\u00f3 para los Juegos Paral\u00edmpicos de 2012. Sin embargo, tambi\u00e9n sufr\u00eda. Incluso se matricul\u00f3 en una escuela de fisioterapia porque no estaba segura de poder seguir siendo una atleta profesional, el dolor era tan intenso.<\/strong><\/span><\/p><p><span style=\"color: #000000;\"><strong>\"B\u00e1sicamente utilic\u00e9 mi pierna de andar por casa en zapatillas de ciclismo durante siete a\u00f1os\", cuenta Fisher. \"Un prot\u00e9sico me dijo que pod\u00edamos hacer un pie m\u00e1s especializado, pero que no lo cubrir\u00eda el seguro. Dijo que pod\u00edamos coger piezas usadas e intentar hacer algo\".<\/strong><\/span><\/p><p><span style=\"color: #000000;\"><strong>As\u00ed naci\u00f3 \"Frankenleg\".<\/strong><\/span><\/p><p><span style=\"color: #000000;\"><strong>\"Frankenleg evit\u00f3 que me doliera la pierna para que pudiera ir a los Juegos Paral\u00edmpicos\", dice Fisher. \"Antes de eso pens\u00e9 que tendr\u00eda que dejar de montar a caballo\".<\/strong><\/span><\/p><p><span style=\"color: #000000;\"><strong>El prot\u00e9sico de Fisher, el Dr. Brian Rotter, hab\u00eda hecho un buen trabajo fabricando una pierna espec\u00edfica para ciclismo con piezas usadas, y Fisher la utiliz\u00f3 durante muchos a\u00f1os con menos problemas de los que hab\u00eda tenido antes. Compiti\u00f3 en los Juegos Paral\u00edmpicos y gan\u00f3 campeonatos mundiales.<\/strong><\/span><\/p><p><span style=\"color: #000000;\"><strong>Pero, de nuevo, Fisher no ten\u00eda con qu\u00e9 compararlo.<\/strong><\/span><\/p><p><span style=\"color: #000000;\"><strong>\"No sab\u00eda que pod\u00eda ser diferente\", dice. \"Hab\u00eda visto a gente con piernas geniales. Pero yo hab\u00eda sido como, 'lo que me den lo coger\u00e9 y caminar\u00e9 y montar\u00e9 y lo har\u00e9 lo mejor que pueda'\".<\/strong><\/span><\/p><p><span style=\"color: #000000;\"><strong>Mientras tanto, Fisher viv\u00eda en Missoula, form\u00e1ndose y trabajando como fisioterapeuta, cuando trab\u00f3 amistad con Brian Williams: los dos trabajaban juntos en Missoula Bicycle Works.<\/strong><\/span><\/p><p><span style=\"color: #000000;\"><strong>Aunque Williams nunca se propuso fabricar una pr\u00f3tesis para Fisher, tampoco cre\u00eda que su amigo tuviera que conformarse.<\/strong><\/span><\/p><p><span style=\"color: #000000;\"><strong>\"Me dijo: 'No, podemos hacerlo mejor'\", afirma Fisher.<\/strong><\/span><\/p><h2><span style=\"color: #000000;\"><strong>'Se volvi\u00f3 loco y se fue a la ciudad'.<\/strong><\/span><\/h2><p><span style=\"color: #000000;\"><strong>Fisher y Williams fueron amigos durante a\u00f1os antes de que a \u00e9l se le ocurriera hacerle una pr\u00f3tesis mejorada para montar en bicicleta. Adem\u00e1s de trabajar en la tienda de bicicletas, Williams era\u00a0<a style=\"color: #000000;\" href=\"https:\/\/www.catahoula-ergonomics.com\/\" target=\"_blank\" rel=\"noopener\" data-outbound-instanced=\"true\">dise\u00f1o y construcci\u00f3n de sillas de montar<\/a>\u00a0y se puso a estudiar el ajuste y la ergonom\u00eda de las bicicletas. Fisher llevaba uno de sus sillines, as\u00ed que hab\u00eda pasado alg\u00fan tiempo ajust\u00e1ndolo.<\/strong><\/span><\/p>\t\t\t\t\t\t\t\t<\/div>\n\t\t\t\t\t<\/div>\n\t\t<\/div>\n\t\t\t\t\t<\/div>\n\t\t<\/section>\n\t\t\t\t<\/div>","protected":false},"excerpt":{"rendered":"<p>Two weeks ago,\u00a0Meg Fisher\u00a0became the first \u2014 and only \u2014 para-cyclist to complete the\u00a0LeadBoat Challenge. The 39-year-old from Missoula, Montana was in the saddle for nearly 26 hours to finish the 105-mile\u00a0Leadville Trail 100 MTB\u00a0race and the 142-mile\u00a0SBT GRVL\u00a0Black course, back-to-back. While Fisher was one of dozens of riders to tackle the monster weekend of [&hellip;]<\/p>\n","protected":false},"author":1,"featured_media":1991,"comment_status":"open","ping_status":"open","sticky":false,"template":"","format":"standard","meta":{"footnotes":""},"categories":[13],"tags":[],"class_list":["post-1990","post","type-post","status-publish","format-standard","has-post-thumbnail","hentry","category-news"],"yoast_head":"<!-- This site is optimized with the Yoast SEO plugin v27.5 - https:\/\/yoast.com\/product\/yoast-seo-wordpress\/ -->\n<title>Pro leg: Meg Fisher\u2019s custom carbon bike prosthesis<\/title>\n<meta name=\"robots\" content=\"index, follow, max-snippet:-1, max-image-preview:large, max-video-preview:-1\" \/>\n<link rel=\"canonical\" href=\"https:\/\/sokindsport.com\/es\/pro-leg-meg-fishers-protesis-de-carbono-personalizada-para-bicicleta\/\" \/>\n<meta property=\"og:locale\" content=\"es_ES\" \/>\n<meta property=\"og:type\" content=\"article\" \/>\n<meta property=\"og:title\" content=\"Pro leg: Meg Fisher\u2019s custom carbon bike prosthesis\" \/>\n<meta property=\"og:description\" content=\"Two weeks ago,\u00a0Meg Fisher\u00a0became the first \u2014 and only \u2014 para-cyclist to complete the\u00a0LeadBoat Challenge. The 39-year-old from Missoula, Montana was in the saddle for nearly 26 hours to finish the 105-mile\u00a0Leadville Trail 100 MTB\u00a0race and the 142-mile\u00a0SBT GRVL\u00a0Black course, back-to-back. While Fisher was one of dozens of riders to tackle the monster weekend of [&hellip;]\" \/>\n<meta property=\"og:url\" content=\"https:\/\/sokindsport.com\/es\/pro-leg-meg-fishers-protesis-de-carbono-personalizada-para-bicicleta\/\" \/>\n<meta property=\"og:site_name\" content=\"Sokind Cycling Pad\" \/>\n<meta property=\"article:published_time\" content=\"2022-08-26T02:54:49+00:00\" \/>\n<meta property=\"article:modified_time\" content=\"2023-10-05T06:54:54+00:00\" \/>\n<meta property=\"og:image\" content=\"https:\/\/sokindsport.com\/wp-content\/uploads\/2022\/08\/16614823071.png\" \/>\n\t<meta property=\"og:image:width\" content=\"964\" \/>\n\t<meta property=\"og:image:height\" content=\"695\" \/>\n\t<meta property=\"og:image:type\" content=\"image\/png\" \/>\n<meta name=\"author\" content=\"sokind\" \/>\n<meta name=\"twitter:card\" content=\"summary_large_image\" \/>\n<meta name=\"twitter:label1\" content=\"Escrito por\" \/>\n\t<meta name=\"twitter:data1\" content=\"sokind\" \/>\n\t<meta name=\"twitter:label2\" content=\"Tiempo de lectura\" \/>\n\t<meta name=\"twitter:data2\" content=\"4 minutos\" \/>\n<script type=\"application\/ld+json\" class=\"yoast-schema-graph\">{\"@context\":\"https:\\\/\\\/schema.org\",\"@graph\":[{\"@type\":\"Article\",\"@id\":\"https:\\\/\\\/sokindsport.com\\\/pro-leg-meg-fishers-custom-carbon-bike-prosthesis\\\/#article\",\"isPartOf\":{\"@id\":\"https:\\\/\\\/sokindsport.com\\\/pro-leg-meg-fishers-custom-carbon-bike-prosthesis\\\/\"},\"author\":{\"name\":\"sokind\",\"@id\":\"https:\\\/\\\/sokindsport.com\\\/#\\\/schema\\\/person\\\/a6be36480bf7fdd7fa99e7f8014f56c0\"},\"headline\":\"Pro leg: Meg Fisher\u2019s custom carbon bike prosthesis\",\"datePublished\":\"2022-08-26T02:54:49+00:00\",\"dateModified\":\"2023-10-05T06:54:54+00:00\",\"mainEntityOfPage\":{\"@id\":\"https:\\\/\\\/sokindsport.com\\\/pro-leg-meg-fishers-custom-carbon-bike-prosthesis\\\/\"},\"wordCount\":724,\"commentCount\":0,\"publisher\":{\"@id\":\"https:\\\/\\\/sokindsport.com\\\/#organization\"},\"image\":{\"@id\":\"https:\\\/\\\/sokindsport.com\\\/pro-leg-meg-fishers-custom-carbon-bike-prosthesis\\\/#primaryimage\"},\"thumbnailUrl\":\"https:\\\/\\\/sokindsport.com\\\/wp-content\\\/uploads\\\/2022\\\/08\\\/16614823071.png\",\"articleSection\":[\"News\"],\"inLanguage\":\"es\",\"potentialAction\":[{\"@type\":\"CommentAction\",\"name\":\"Comment\",\"target\":[\"https:\\\/\\\/sokindsport.com\\\/pro-leg-meg-fishers-custom-carbon-bike-prosthesis\\\/#respond\"]}]},{\"@type\":\"WebPage\",\"@id\":\"https:\\\/\\\/sokindsport.com\\\/pro-leg-meg-fishers-custom-carbon-bike-prosthesis\\\/\",\"url\":\"https:\\\/\\\/sokindsport.com\\\/pro-leg-meg-fishers-custom-carbon-bike-prosthesis\\\/\",\"name\":\"Pro leg: Meg Fisher\u2019s custom carbon bike prosthesis\",\"isPartOf\":{\"@id\":\"https:\\\/\\\/sokindsport.com\\\/#website\"},\"primaryImageOfPage\":{\"@id\":\"https:\\\/\\\/sokindsport.com\\\/pro-leg-meg-fishers-custom-carbon-bike-prosthesis\\\/#primaryimage\"},\"image\":{\"@id\":\"https:\\\/\\\/sokindsport.com\\\/pro-leg-meg-fishers-custom-carbon-bike-prosthesis\\\/#primaryimage\"},\"thumbnailUrl\":\"https:\\\/\\\/sokindsport.com\\\/wp-content\\\/uploads\\\/2022\\\/08\\\/16614823071.png\",\"datePublished\":\"2022-08-26T02:54:49+00:00\",\"dateModified\":\"2023-10-05T06:54:54+00:00\",\"breadcrumb\":{\"@id\":\"https:\\\/\\\/sokindsport.com\\\/pro-leg-meg-fishers-custom-carbon-bike-prosthesis\\\/#breadcrumb\"},\"inLanguage\":\"es\",\"potentialAction\":[{\"@type\":\"ReadAction\",\"target\":[\"https:\\\/\\\/sokindsport.com\\\/pro-leg-meg-fishers-custom-carbon-bike-prosthesis\\\/\"]}]},{\"@type\":\"ImageObject\",\"inLanguage\":\"es\",\"@id\":\"https:\\\/\\\/sokindsport.com\\\/pro-leg-meg-fishers-custom-carbon-bike-prosthesis\\\/#primaryimage\",\"url\":\"https:\\\/\\\/sokindsport.com\\\/wp-content\\\/uploads\\\/2022\\\/08\\\/16614823071.png\",\"contentUrl\":\"https:\\\/\\\/sokindsport.com\\\/wp-content\\\/uploads\\\/2022\\\/08\\\/16614823071.png\",\"width\":964,\"height\":695},{\"@type\":\"BreadcrumbList\",\"@id\":\"https:\\\/\\\/sokindsport.com\\\/pro-leg-meg-fishers-custom-carbon-bike-prosthesis\\\/#breadcrumb\",\"itemListElement\":[{\"@type\":\"ListItem\",\"position\":1,\"name\":\"Home\",\"item\":\"https:\\\/\\\/sokindsport.com\\\/\"},{\"@type\":\"ListItem\",\"position\":2,\"name\":\"Pro leg: Meg Fisher\u2019s custom carbon bike prosthesis\"}]},{\"@type\":\"WebSite\",\"@id\":\"https:\\\/\\\/sokindsport.com\\\/#website\",\"url\":\"https:\\\/\\\/sokindsport.com\\\/\",\"name\":\"Sokind Cycling Pad\",\"description\":\"Sokind Cycling Pad\",\"publisher\":{\"@id\":\"https:\\\/\\\/sokindsport.com\\\/#organization\"},\"potentialAction\":[{\"@type\":\"SearchAction\",\"target\":{\"@type\":\"EntryPoint\",\"urlTemplate\":\"https:\\\/\\\/sokindsport.com\\\/?s={search_term_string}\"},\"query-input\":{\"@type\":\"PropertyValueSpecification\",\"valueRequired\":true,\"valueName\":\"search_term_string\"}}],\"inLanguage\":\"es\"},{\"@type\":\"Organization\",\"@id\":\"https:\\\/\\\/sokindsport.com\\\/#organization\",\"name\":\"Sokind Cycling Pad\",\"url\":\"https:\\\/\\\/sokindsport.com\\\/\",\"logo\":{\"@type\":\"ImageObject\",\"inLanguage\":\"es\",\"@id\":\"https:\\\/\\\/sokindsport.com\\\/#\\\/schema\\\/logo\\\/image\\\/\",\"url\":\"https:\\\/\\\/sokindsport.com\\\/wp-content\\\/uploads\\\/2022\\\/02\\\/Sokind-Sport-Logo.png\",\"contentUrl\":\"https:\\\/\\\/sokindsport.com\\\/wp-content\\\/uploads\\\/2022\\\/02\\\/Sokind-Sport-Logo.png\",\"width\":250,\"height\":64,\"caption\":\"Sokind Cycling Pad\"},\"image\":{\"@id\":\"https:\\\/\\\/sokindsport.com\\\/#\\\/schema\\\/logo\\\/image\\\/\"}},{\"@type\":\"Person\",\"@id\":\"https:\\\/\\\/sokindsport.com\\\/#\\\/schema\\\/person\\\/a6be36480bf7fdd7fa99e7f8014f56c0\",\"name\":\"sokind\",\"image\":{\"@type\":\"ImageObject\",\"inLanguage\":\"es\",\"@id\":\"https:\\\/\\\/secure.gravatar.com\\\/avatar\\\/86866cd772662a68fb11136082c79816dcbe9dadb6fb021b3aa8302174e7a314?s=96&d=mm&r=g\",\"url\":\"https:\\\/\\\/secure.gravatar.com\\\/avatar\\\/86866cd772662a68fb11136082c79816dcbe9dadb6fb021b3aa8302174e7a314?s=96&d=mm&r=g\",\"contentUrl\":\"https:\\\/\\\/secure.gravatar.com\\\/avatar\\\/86866cd772662a68fb11136082c79816dcbe9dadb6fb021b3aa8302174e7a314?s=96&d=mm&r=g\",\"caption\":\"sokind\"},\"sameAs\":[\"https:\\\/\\\/sokindsport.com\"],\"url\":\"https:\\\/\\\/sokindsport.com\\\/es\\\/author\\\/sokind\\\/\"}]}<\/script>\n<!-- \/ Yoast SEO plugin. -->","yoast_head_json":{"title":"Pro leg: La pr\u00f3tesis de carbono de Meg Fisher","robots":{"index":"index","follow":"follow","max-snippet":"max-snippet:-1","max-image-preview":"max-image-preview:large","max-video-preview":"max-video-preview:-1"},"canonical":"https:\/\/sokindsport.com\/es\/pro-leg-meg-fishers-protesis-de-carbono-personalizada-para-bicicleta\/","og_locale":"es_ES","og_type":"article","og_title":"Pro leg: Meg Fisher\u2019s custom carbon bike prosthesis","og_description":"Two weeks ago,\u00a0Meg Fisher\u00a0became the first \u2014 and only \u2014 para-cyclist to complete the\u00a0LeadBoat Challenge. The 39-year-old from Missoula, Montana was in the saddle for nearly 26 hours to finish the 105-mile\u00a0Leadville Trail 100 MTB\u00a0race and the 142-mile\u00a0SBT GRVL\u00a0Black course, back-to-back. While Fisher was one of dozens of riders to tackle the monster weekend of [&hellip;]","og_url":"https:\/\/sokindsport.com\/es\/pro-leg-meg-fishers-protesis-de-carbono-personalizada-para-bicicleta\/","og_site_name":"Sokind Cycling Pad","article_published_time":"2022-08-26T02:54:49+00:00","article_modified_time":"2023-10-05T06:54:54+00:00","og_image":[{"width":964,"height":695,"url":"https:\/\/sokindsport.com\/wp-content\/uploads\/2022\/08\/16614823071.png","type":"image\/png"}],"author":"sokind","twitter_card":"summary_large_image","twitter_misc":{"Escrito por":"sokind","Tiempo de lectura":"4 minutos"},"schema":{"@context":"https:\/\/schema.org","@graph":[{"@type":"Article","@id":"https:\/\/sokindsport.com\/pro-leg-meg-fishers-custom-carbon-bike-prosthesis\/#article","isPartOf":{"@id":"https:\/\/sokindsport.com\/pro-leg-meg-fishers-custom-carbon-bike-prosthesis\/"},"author":{"name":"sokind","@id":"https:\/\/sokindsport.com\/#\/schema\/person\/a6be36480bf7fdd7fa99e7f8014f56c0"},"headline":"Pro leg: Meg Fisher\u2019s custom carbon bike prosthesis","datePublished":"2022-08-26T02:54:49+00:00","dateModified":"2023-10-05T06:54:54+00:00","mainEntityOfPage":{"@id":"https:\/\/sokindsport.com\/pro-leg-meg-fishers-custom-carbon-bike-prosthesis\/"},"wordCount":724,"commentCount":0,"publisher":{"@id":"https:\/\/sokindsport.com\/#organization"},"image":{"@id":"https:\/\/sokindsport.com\/pro-leg-meg-fishers-custom-carbon-bike-prosthesis\/#primaryimage"},"thumbnailUrl":"https:\/\/sokindsport.com\/wp-content\/uploads\/2022\/08\/16614823071.png","articleSection":["News"],"inLanguage":"es","potentialAction":[{"@type":"CommentAction","name":"Comment","target":["https:\/\/sokindsport.com\/pro-leg-meg-fishers-custom-carbon-bike-prosthesis\/#respond"]}]},{"@type":"WebPage","@id":"https:\/\/sokindsport.com\/pro-leg-meg-fishers-custom-carbon-bike-prosthesis\/","url":"https:\/\/sokindsport.com\/pro-leg-meg-fishers-custom-carbon-bike-prosthesis\/","name":"Pro leg: La pr\u00f3tesis de carbono de Meg Fisher","isPartOf":{"@id":"https:\/\/sokindsport.com\/#website"},"primaryImageOfPage":{"@id":"https:\/\/sokindsport.com\/pro-leg-meg-fishers-custom-carbon-bike-prosthesis\/#primaryimage"},"image":{"@id":"https:\/\/sokindsport.com\/pro-leg-meg-fishers-custom-carbon-bike-prosthesis\/#primaryimage"},"thumbnailUrl":"https:\/\/sokindsport.com\/wp-content\/uploads\/2022\/08\/16614823071.png","datePublished":"2022-08-26T02:54:49+00:00","dateModified":"2023-10-05T06:54:54+00:00","breadcrumb":{"@id":"https:\/\/sokindsport.com\/pro-leg-meg-fishers-custom-carbon-bike-prosthesis\/#breadcrumb"},"inLanguage":"es","potentialAction":[{"@type":"ReadAction","target":["https:\/\/sokindsport.com\/pro-leg-meg-fishers-custom-carbon-bike-prosthesis\/"]}]},{"@type":"ImageObject","inLanguage":"es","@id":"https:\/\/sokindsport.com\/pro-leg-meg-fishers-custom-carbon-bike-prosthesis\/#primaryimage","url":"https:\/\/sokindsport.com\/wp-content\/uploads\/2022\/08\/16614823071.png","contentUrl":"https:\/\/sokindsport.com\/wp-content\/uploads\/2022\/08\/16614823071.png","width":964,"height":695},{"@type":"BreadcrumbList","@id":"https:\/\/sokindsport.com\/pro-leg-meg-fishers-custom-carbon-bike-prosthesis\/#breadcrumb","itemListElement":[{"@type":"ListItem","position":1,"name":"Home","item":"https:\/\/sokindsport.com\/"},{"@type":"ListItem","position":2,"name":"Pro leg: Meg Fisher\u2019s custom carbon bike prosthesis"}]},{"@type":"WebSite","@id":"https:\/\/sokindsport.com\/#website","url":"https:\/\/sokindsport.com\/","name":"Coj\u00edn de ciclismo Sokind","description":"Coj\u00edn de ciclismo Sokind","publisher":{"@id":"https:\/\/sokindsport.com\/#organization"},"potentialAction":[{"@type":"SearchAction","target":{"@type":"EntryPoint","urlTemplate":"https:\/\/sokindsport.com\/?s={search_term_string}"},"query-input":{"@type":"PropertyValueSpecification","valueRequired":true,"valueName":"search_term_string"}}],"inLanguage":"es"},{"@type":"Organization","@id":"https:\/\/sokindsport.com\/#organization","name":"Coj\u00edn de ciclismo Sokind","url":"https:\/\/sokindsport.com\/","logo":{"@type":"ImageObject","inLanguage":"es","@id":"https:\/\/sokindsport.com\/#\/schema\/logo\/image\/","url":"https:\/\/sokindsport.com\/wp-content\/uploads\/2022\/02\/Sokind-Sport-Logo.png","contentUrl":"https:\/\/sokindsport.com\/wp-content\/uploads\/2022\/02\/Sokind-Sport-Logo.png","width":250,"height":64,"caption":"Sokind Cycling Pad"},"image":{"@id":"https:\/\/sokindsport.com\/#\/schema\/logo\/image\/"}},{"@type":"Person","@id":"https:\/\/sokindsport.com\/#\/schema\/person\/a6be36480bf7fdd7fa99e7f8014f56c0","name":"amable","image":{"@type":"ImageObject","inLanguage":"es","@id":"https:\/\/secure.gravatar.com\/avatar\/86866cd772662a68fb11136082c79816dcbe9dadb6fb021b3aa8302174e7a314?s=96&d=mm&r=g","url":"https:\/\/secure.gravatar.com\/avatar\/86866cd772662a68fb11136082c79816dcbe9dadb6fb021b3aa8302174e7a314?s=96&d=mm&r=g","contentUrl":"https:\/\/secure.gravatar.com\/avatar\/86866cd772662a68fb11136082c79816dcbe9dadb6fb021b3aa8302174e7a314?s=96&d=mm&r=g","caption":"sokind"},"sameAs":["https:\/\/sokindsport.com"],"url":"https:\/\/sokindsport.com\/es\/author\/sokind\/"}]}},"_links":{"self":[{"href":"https:\/\/sokindsport.com\/es\/wp-json\/wp\/v2\/posts\/1990","targetHints":{"allow":["GET"]}}],"collection":[{"href":"https:\/\/sokindsport.com\/es\/wp-json\/wp\/v2\/posts"}],"about":[{"href":"https:\/\/sokindsport.com\/es\/wp-json\/wp\/v2\/types\/post"}],"author":[{"embeddable":true,"href":"https:\/\/sokindsport.com\/es\/wp-json\/wp\/v2\/users\/1"}],"replies":[{"embeddable":true,"href":"https:\/\/sokindsport.com\/es\/wp-json\/wp\/v2\/comments?post=1990"}],"version-history":[{"count":4,"href":"https:\/\/sokindsport.com\/es\/wp-json\/wp\/v2\/posts\/1990\/revisions"}],"predecessor-version":[{"id":1995,"href":"https:\/\/sokindsport.com\/es\/wp-json\/wp\/v2\/posts\/1990\/revisions\/1995"}],"wp:featuredmedia":[{"embeddable":true,"href":"https:\/\/sokindsport.com\/es\/wp-json\/wp\/v2\/media\/1991"}],"wp:attachment":[{"href":"https:\/\/sokindsport.com\/es\/wp-json\/wp\/v2\/media?parent=1990"}],"wp:term":[{"taxonomy":"category","embeddable":true,"href":"https:\/\/sokindsport.com\/es\/wp-json\/wp\/v2\/categories?post=1990"},{"taxonomy":"post_tag","embeddable":true,"href":"https:\/\/sokindsport.com\/es\/wp-json\/wp\/v2\/tags?post=1990"}],"curies":[{"name":"wp","href":"https:\/\/api.w.org\/{rel}","templated":true}]}}